{"id":90666,"date":"2016-07-19T10:38:48","date_gmt":"2016-07-19T13:38:48","guid":{"rendered":"http:\/\/www.redenoticia.com.br\/noticia\/?p=90666"},"modified":"2016-07-18T20:39:58","modified_gmt":"2016-07-18T23:39:58","slug":"medo-do-desemprego-e-o-mais-alto-em-17-anos-diz-cni","status":"publish","type":"post","link":"https:\/\/www.redenoticia.com.br\/noticia\/2016\/medo-do-desemprego-e-o-mais-alto-em-17-anos-diz-cni\/90666","title":{"rendered":"Medo do desemprego \u00e9 o mais alto em 17 anos, diz CNI"},"content":{"rendered":"<p> O <strong><em>medo do desemprego<\/em><\/strong> entre os brasileiros alcan\u00e7ou, em junho, o maior n\u00edvel desde que come\u00e7ou a ser medido pela Confedera\u00e7\u00e3o Nacional da Ind\u00fastria (CNI), em 1999. Segundo pesquisa da CNI, no m\u00eas passado o indicador ficou em 108,5 pontos. O patamar \u00e9 o maior da s\u00e9rie hist\u00f3rica e s\u00f3 havia sido atingido antes em maio de 1999 durante a crise de desvaloriza\u00e7\u00e3o do real. O \u00edndice subiu 1,9% ante a \u00faltima medi\u00e7\u00e3o, em mar\u00e7o, e 4,2% ante junho de 2015.<\/p>\n<p>O levantamento da entidade apurou ainda o \u00edndice de satisfa\u00e7\u00e3o com a vida dos entrevistados. O indicador ficou em 93,1 pontos em junho, melhorando em rela\u00e7\u00e3o a mar\u00e7o, quando havia ca\u00eddo a 92,4 pontos, patamar mais baixo desde 1999. Em rela\u00e7\u00e3o a junho de 2015, a satisfa\u00e7\u00e3o caiu 2,6%.<\/p>\n<p>A pesquisa da CNI \u00e9 realizada trimestralmente. Para auferir os dados divulgados nesta segunda-feira (18) foram ouvidas, entre 24 e 27 de junho, 2002 pessoas em 141 munic\u00edpios.<\/p>\n<p>Mariana Branco \u2013 Rep\u00f3rter da Ag\u00eancia Brasil<br \/>\nEdi\u00e7\u00e3o: Armando Cardoso<br \/>\n19\/07\/2016<br \/>\n&#8212;<br \/>\nA Empresa Brasil de Comunica\u00e7\u00e3o \u00e9 uma institui\u00e7\u00e3o da democracia brasileira: p\u00fablica, inclusiva e cidad\u00e3. Criada em 2007 para fortalecer o sistema p\u00fablico de comunica\u00e7\u00e3o, \u00e9 gestora dos canais TV Brasil, TV Brasil Internacional, Ag\u00eancia Brasil, Radioag\u00eancia Nacional e do sistema p\u00fablico de R\u00e1dio \u2013 composto por oito emissoras. Estes, por sua independ\u00eancia editorial, distinguem-se dos canais estatais ou governamentais, com conte\u00fados diferenciados e complementares aos canais privados. Os ve\u00edculos da EBC t\u00eam autonomia para definir produ\u00e7\u00e3o, programa\u00e7\u00e3o e distribui\u00e7\u00e3o de conte\u00fados.<\/p>\n","protected":false},"excerpt":{"rendered":"<p>O medo do desemprego entre os brasileiros alcan\u00e7ou, em junho, o maior n\u00edvel desde que come\u00e7ou a ser medido pela Confedera\u00e7\u00e3o Nacional da Ind\u00fastria (CNI), em 1999. Segundo pesquisa da CNI, no m\u00eas passado o indicador ficou em 108,5 pontos. O patamar \u00e9 o maior da s\u00e9rie hist\u00f3rica e s\u00f3 havia sido atingido antes em [&hellip;]<\/p>\n","protected":false},"author":2,"featured_media":57582,"comment_status":"open","ping_status":"closed","sticky":false,"template":"","format":"standard","meta":{"_genesis_hide_title":false,"_genesis_hide_breadcrumbs":false,"_genesis_hide_singular_image":false,"_genesis_hide_footer_widgets":false,"_genesis_custom_body_class":"","_genesis_custom_post_class":"","_genesis_layout":"","_jetpack_memberships_contains_paid_content":false,"footnotes":""},"categories":[22,7],"tags":[],"class_list":{"0":"post-90666","1":"post","2":"type-post","3":"status-publish","4":"format-standard","5":"has-post-thumbnail","7":"category-brasil","8":"category-economia","9":"entry","10":"gs-1","11":"gs-odd","12":"gs-even","13":"gs-featured-content-entry"},"jetpack_featured_media_url":"https:\/\/www.redenoticia.com.br\/noticia\/imagens\/grafico1.jpg","jetpack_sharing_enabled":true,"jetpack_likes_enabled":true,"_links":{"self":[{"href":"https:\/\/www.redenoticia.com.br\/noticia\/wp-json\/wp\/v2\/posts\/90666","targetHints":{"allow":["GET"]}}],"collection":[{"href":"https:\/\/www.redenoticia.com.br\/noticia\/wp-json\/wp\/v2\/posts"}],"about":[{"href":"https:\/\/www.redenoticia.com.br\/noticia\/wp-json\/wp\/v2\/types\/post"}],"author":[{"embeddable":true,"href":"https:\/\/www.redenoticia.com.br\/noticia\/wp-json\/wp\/v2\/users\/2"}],"replies":[{"embeddable":true,"href":"https:\/\/www.redenoticia.com.br\/noticia\/wp-json\/wp\/v2\/comments?post=90666"}],"version-history":[{"count":0,"href":"https:\/\/www.redenoticia.com.br\/noticia\/wp-json\/wp\/v2\/posts\/90666\/revisions"}],"wp:featuredmedia":[{"embeddable":true,"href":"https:\/\/www.redenoticia.com.br\/noticia\/wp-json\/wp\/v2\/media\/57582"}],"wp:attachment":[{"href":"https:\/\/www.redenoticia.com.br\/noticia\/wp-json\/wp\/v2\/media?parent=90666"}],"wp:term":[{"taxonomy":"category","embeddable":true,"href":"https:\/\/www.redenoticia.com.br\/noticia\/wp-json\/wp\/v2\/categories?post=90666"},{"taxonomy":"post_tag","embeddable":true,"href":"https:\/\/www.redenoticia.com.br\/noticia\/wp-json\/wp\/v2\/tags?post=90666"}],"curies":[{"name":"wp","href":"https:\/\/api.w.org\/{rel}","templated":true}]}}