{"id":90664,"date":"2016-07-19T10:37:30","date_gmt":"2016-07-19T13:37:30","guid":{"rendered":"http:\/\/www.redenoticia.com.br\/noticia\/?p=90664"},"modified":"2016-07-18T20:38:44","modified_gmt":"2016-07-18T23:38:44","slug":"procura-por-consorcios-no-pais-diminui-mas-numero-de-participantes-fica-estavel","status":"publish","type":"post","link":"https:\/\/www.redenoticia.com.br\/noticia\/2016\/procura-por-consorcios-no-pais-diminui-mas-numero-de-participantes-fica-estavel\/90664","title":{"rendered":"Procura por cons\u00f3rcios no pa\u00eds diminui, mas n\u00famero de participantes fica est\u00e1vel"},"content":{"rendered":"<p> A procura por <strong><em>cons\u00f3rcios<\/em><\/strong> em geral no pa\u00eds caiu 12,1% nos cinco primeiros meses do ano em compara\u00e7\u00e3o com o mesmo per\u00edodo do ano passado, com a entrada de 846,3 mil consorciados, ante 962,5 mil no mesmo per\u00edodo de 2015. Os cr\u00e9ditos comercializados apresentaram recuo de 16,1% com R$ 29,11 bilh\u00f5es, enquanto o total de participantes ativos manteve-se est\u00e1vel em 7,1 milh\u00f5es.<\/p>\n<p>Os dados s\u00e3o da Associa\u00e7\u00e3o Brasileira de Administradoras de Cons\u00f3rcios (Abac) que analisa cons\u00f3rcios nos setores de ve\u00edculos automotores, im\u00f3veis, eletroeletr\u00f4nicos e outros bens m\u00f3veis dur\u00e1veis e servi\u00e7os. Para o presidente da entidade, Paulo Roberto Rossi, \u201co equil\u00edbrio no total de consorciados deve-se principalmente \u00e0 qualidade das vendas realizadas nos \u00faltimos anos\u201d. Ele salientou, em nota, que mesmo com a crise econ\u00f4mica os consumidores t\u00eam honrado seus compromissos. Para o executivo, isso \u00e9 efeito de compras conscientes, feitas com planejamento.<\/p>\n<p>Ve\u00edculos leves e servi\u00e7os<\/p>\n<p>No segmento de ve\u00edculos leves (autom\u00f3veis, caminhonetes e utilit\u00e1rios), o n\u00famero de participantes ativos aumentou 5,9% (de 3, 07 milh\u00f5es para 3,25 milh\u00f5es). No entanto, as novas ades\u00f5es foram 7,2% menores que no ano anterior com um total de 361, 8 mil novas cotas vendidas.<\/p>\n<p>Os cr\u00e9ditos comercializados ca\u00edram 15,2%, atingindo R$ 14,22 bilh\u00f5es e o valor m\u00e9dio de R$ 38,3 mil foi 9,8% abaixo do mesmo per\u00edodo de 2015.<\/p>\n<p>Em servi\u00e7os, houve eleva\u00e7\u00e3o de 40,5% nas vendas com um total de 5,2 mil neg\u00f3cios, alcan\u00e7ando um total de cr\u00e9ditos comercializados de R$ 32,38 milh\u00f5es, 50,5% acima do obtido no mesmo per\u00edodo de 2015.<\/p>\n<p>Houve ainda crescimento de 24,3% no n\u00famero de participantes (34,3 mil). J\u00e1 as contempla\u00e7\u00f5es acumuladas atingiram 4,2 mil, com alta de 31,3%. De acordo com a Abac entre os servi\u00e7os est\u00e3o cirurgias, festas e eventos, al\u00e9m de tratamentos dent\u00e1rios e oftalmol\u00f3gicos, turismo e assist\u00eancias educacionais.<\/p>\n<p>Marli Moreira \u2013 Rep\u00f3rter da Ag\u00eancia Brasil<br \/>\nEdi\u00e7\u00e3o: Denise Griesinger<br \/>\n19\/07\/2016<\/p>\n","protected":false},"excerpt":{"rendered":"<p>A procura por cons\u00f3rcios em geral no pa\u00eds caiu 12,1% nos cinco primeiros meses do ano em compara\u00e7\u00e3o com o mesmo per\u00edodo do ano passado, com a entrada de 846,3 mil consorciados, ante 962,5 mil no mesmo per\u00edodo de 2015. Os cr\u00e9ditos comercializados apresentaram recuo de 16,1% com R$ 29,11 bilh\u00f5es, enquanto o total de [&hellip;]<\/p>\n","protected":false},"author":2,"featured_media":57583,"comment_status":"open","ping_status":"closed","sticky":false,"template":"","format":"standard","meta":{"_genesis_hide_title":false,"_genesis_hide_breadcrumbs":false,"_genesis_hide_singular_image":false,"_genesis_hide_footer_widgets":false,"_genesis_custom_body_class":"","_genesis_custom_post_class":"","_genesis_layout":"","_jetpack_memberships_contains_paid_content":false,"footnotes":""},"categories":[22,7],"tags":[],"class_list":{"0":"post-90664","1":"post","2":"type-post","3":"status-publish","4":"format-standard","5":"has-post-thumbnail","7":"category-brasil","8":"category-economia","9":"entry","10":"gs-1","11":"gs-odd","12":"gs-even","13":"gs-featured-content-entry"},"jetpack_featured_media_url":"https:\/\/www.redenoticia.com.br\/noticia\/imagens\/economia-grafico.jpg","jetpack_sharing_enabled":true,"jetpack_likes_enabled":true,"_links":{"self":[{"href":"https:\/\/www.redenoticia.com.br\/noticia\/wp-json\/wp\/v2\/posts\/90664","targetHints":{"allow":["GET"]}}],"collection":[{"href":"https:\/\/www.redenoticia.com.br\/noticia\/wp-json\/wp\/v2\/posts"}],"about":[{"href":"https:\/\/www.redenoticia.com.br\/noticia\/wp-json\/wp\/v2\/types\/post"}],"author":[{"embeddable":true,"href":"https:\/\/www.redenoticia.com.br\/noticia\/wp-json\/wp\/v2\/users\/2"}],"replies":[{"embeddable":true,"href":"https:\/\/www.redenoticia.com.br\/noticia\/wp-json\/wp\/v2\/comments?post=90664"}],"version-history":[{"count":0,"href":"https:\/\/www.redenoticia.com.br\/noticia\/wp-json\/wp\/v2\/posts\/90664\/revisions"}],"wp:featuredmedia":[{"embeddable":true,"href":"https:\/\/www.redenoticia.com.br\/noticia\/wp-json\/wp\/v2\/media\/57583"}],"wp:attachment":[{"href":"https:\/\/www.redenoticia.com.br\/noticia\/wp-json\/wp\/v2\/media?parent=90664"}],"wp:term":[{"taxonomy":"category","embeddable":true,"href":"https:\/\/www.redenoticia.com.br\/noticia\/wp-json\/wp\/v2\/categories?post=90664"},{"taxonomy":"post_tag","embeddable":true,"href":"https:\/\/www.redenoticia.com.br\/noticia\/wp-json\/wp\/v2\/tags?post=90664"}],"curies":[{"name":"wp","href":"https:\/\/api.w.org\/{rel}","templated":true}]}}