{"id":90662,"date":"2016-07-19T10:36:14","date_gmt":"2016-07-19T13:36:14","guid":{"rendered":"http:\/\/www.redenoticia.com.br\/noticia\/?p=90662"},"modified":"2016-07-18T20:37:25","modified_gmt":"2016-07-18T23:37:25","slug":"pesquisa-diz-que-tres-em-cada-dez-brasileiros-sao-consumidores-conscientes","status":"publish","type":"post","link":"https:\/\/www.redenoticia.com.br\/noticia\/2016\/pesquisa-diz-que-tres-em-cada-dez-brasileiros-sao-consumidores-conscientes\/90662","title":{"rendered":"Pesquisa diz que tr\u00eas em cada dez brasileiros s\u00e3o consumidores conscientes"},"content":{"rendered":"<p> Apenas tr\u00eas em cada dez brasileiros s\u00e3o <strong><em>consumidores conscientes<\/em><\/strong>, anunciaram o Servi\u00e7o de Prote\u00e7\u00e3o ao Cr\u00e9dito (SPC Brasil) e a Confedera\u00e7\u00e3o Nacional de Dirigentes Lojistas (CNDL) com base em pesquisa.<\/p>\n<p>Em uma escala de 1 a 10, consumidores entrevistados d\u00e3o nota m\u00e9dia de 8,9 para a import\u00e2ncia do tema consumo consciente, mas apenas tr\u00eas em cada dez consultados (32%) podem ser considerados, de fato, conscientes &#8211; um aumento de 10,2 pontos percentuais em rela\u00e7\u00e3o a 2015, quando esse percentual era de 21,8%.<\/p>\n<p>Apesar de ter apresentado melhora, o aumento do indicador foi discreto em rela\u00e7\u00e3o a 2015, avaliam o SPC Brasil e a CNDL. \u201cAssim como em 2015, os entrevistados associam mais frequentemente o consumo consciente com atitudes relacionadas apenas a aspectos financeiros, ficando em um segundo plano as esferas ambientais e sociais\u201d, disse a economista-chefe do SPC Brasil, Marcela Kawauti, em nota.<\/p>\n<p>Indicador<\/p>\n<p>O Indicador de Consumo Consciente (ICC), calculado pelo segundo ano seguido, atingiu 72,7%, permanecendo praticamente est\u00e1vel em rela\u00e7\u00e3o a 2015, quando estava em 69,3%. O ICC pode variar de 0% a 100%: quanto maior o \u00edndice, maior \u00e9 o n\u00edvel de consumo consciente.<\/p>\n<p>O estudo do SPC Brasil segmentou consumidores em tr\u00eas categorias, de acordo com a intensidade da pr\u00e1tica dos comportamentos considerados adequados: consumidores conscientes &#8211; que apresentam frequ\u00eancia de atitudes corretas acima de 80% &#8211; consumidores em transi\u00e7\u00e3o, cuja frequ\u00eancia varia entre 60% e 80% de atitudes adequadas e consumidores nada ou pouco conscientes, quando a incid\u00eancia de comportamentos apropriados n\u00e3o atinge 60%.<\/p>\n<p>Para elaborar o indicador, foi realizada uma pesquisa com perguntas para investigar os h\u00e1bitos, atitudes e comportamentos que fazem parte da rotina de 600 consumidores nas 26 capitais mais o Distrito Federal, com idade a partir de 18 anos. Essas quest\u00f5es permearam as tr\u00eas dimens\u00f5es que comp\u00f5em o conceito de consumo consciente, e todas elas obtiveram resultados abaixo do desempenho ideal de 80%: pr\u00e1ticas ambientais (72,5%), pr\u00e1ticas financeiras (73,8%) e pr\u00e1ticas sociais (70,6%).<\/p>\n<p>Da Ag\u00eancia Brasil<br \/>\nEdi\u00e7\u00e3o: Kleber Sampaio<br \/>\n19\/07\/2016<\/p>\n","protected":false},"excerpt":{"rendered":"<p>Apenas tr\u00eas em cada dez brasileiros s\u00e3o consumidores conscientes, anunciaram o Servi\u00e7o de Prote\u00e7\u00e3o ao Cr\u00e9dito (SPC Brasil) e a Confedera\u00e7\u00e3o Nacional de Dirigentes Lojistas (CNDL) com base em pesquisa. Em uma escala de 1 a 10, consumidores entrevistados d\u00e3o nota m\u00e9dia de 8,9 para a import\u00e2ncia do tema consumo consciente, mas apenas tr\u00eas em [&hellip;]<\/p>\n","protected":false},"author":2,"featured_media":57584,"comment_status":"open","ping_status":"closed","sticky":false,"template":"","format":"standard","meta":{"_genesis_hide_title":false,"_genesis_hide_breadcrumbs":false,"_genesis_hide_singular_image":false,"_genesis_hide_footer_widgets":false,"_genesis_custom_body_class":"","_genesis_custom_post_class":"","_genesis_layout":"","_jetpack_memberships_contains_paid_content":false,"footnotes":""},"categories":[22,7],"tags":[],"class_list":{"0":"post-90662","1":"post","2":"type-post","3":"status-publish","4":"format-standard","5":"has-post-thumbnail","7":"category-brasil","8":"category-economia","9":"entry","10":"gs-1","11":"gs-odd","12":"gs-even","13":"gs-featured-content-entry"},"jetpack_featured_media_url":"https:\/\/www.redenoticia.com.br\/noticia\/imagens\/economia-grafica-analise-inflacao.jpg","jetpack_sharing_enabled":true,"jetpack_likes_enabled":true,"_links":{"self":[{"href":"https:\/\/www.redenoticia.com.br\/noticia\/wp-json\/wp\/v2\/posts\/90662","targetHints":{"allow":["GET"]}}],"collection":[{"href":"https:\/\/www.redenoticia.com.br\/noticia\/wp-json\/wp\/v2\/posts"}],"about":[{"href":"https:\/\/www.redenoticia.com.br\/noticia\/wp-json\/wp\/v2\/types\/post"}],"author":[{"embeddable":true,"href":"https:\/\/www.redenoticia.com.br\/noticia\/wp-json\/wp\/v2\/users\/2"}],"replies":[{"embeddable":true,"href":"https:\/\/www.redenoticia.com.br\/noticia\/wp-json\/wp\/v2\/comments?post=90662"}],"version-history":[{"count":0,"href":"https:\/\/www.redenoticia.com.br\/noticia\/wp-json\/wp\/v2\/posts\/90662\/revisions"}],"wp:featuredmedia":[{"embeddable":true,"href":"https:\/\/www.redenoticia.com.br\/noticia\/wp-json\/wp\/v2\/media\/57584"}],"wp:attachment":[{"href":"https:\/\/www.redenoticia.com.br\/noticia\/wp-json\/wp\/v2\/media?parent=90662"}],"wp:term":[{"taxonomy":"category","embeddable":true,"href":"https:\/\/www.redenoticia.com.br\/noticia\/wp-json\/wp\/v2\/categories?post=90662"},{"taxonomy":"post_tag","embeddable":true,"href":"https:\/\/www.redenoticia.com.br\/noticia\/wp-json\/wp\/v2\/tags?post=90662"}],"curies":[{"name":"wp","href":"https:\/\/api.w.org\/{rel}","templated":true}]}}