{"id":90660,"date":"2016-07-19T10:35:16","date_gmt":"2016-07-19T13:35:16","guid":{"rendered":"http:\/\/www.redenoticia.com.br\/noticia\/?p=90660"},"modified":"2016-07-18T20:36:10","modified_gmt":"2016-07-18T23:36:10","slug":"ipc-s-desacelera-na-segunda-semana-de-julho-influenciado-pela-conta-de-luz","status":"publish","type":"post","link":"https:\/\/www.redenoticia.com.br\/noticia\/2016\/ipc-s-desacelera-na-segunda-semana-de-julho-influenciado-pela-conta-de-luz\/90660","title":{"rendered":"IPC-S desacelera na segunda semana de julho influenciado pela conta de luz"},"content":{"rendered":"<p> Em sete capitais, o <strong><em>\u00cdndice de Pre\u00e7os ao Consumidor Semanal<\/em><\/strong> (IPC-S) apresentou varia\u00e7\u00e3o de 0,41% na segunda semana de julho, taxa 0,03 ponto percentual abaixo da registrada na apura\u00e7\u00e3o anterior (0,44%). A maior influ\u00eancia ocorreu no grupo habita\u00e7\u00e3o que passou de uma alta de 0,44% para 0,26%. O resultado refletiu, principalmente, na queda de pre\u00e7o na tarifa da conta de luz (de 0,07% para -0,62%).<\/p>\n<p>O levantamento \u00e9 feito pelo Instituto Brasileiro de Economia da Funda\u00e7\u00e3o Getulio Vargas (Ibre\/FGV), em Recife, Salvador, Rio de Janeiro, S\u00e3o Paulo, Belo Horizonte, Bras\u00edlia e Porto Alegre. Metade dos oito grupos pesquisados indicou decr\u00e9scimos e, em dois deles, houve quedas: vestu\u00e1rio (de 0,1% para 0,07%) e transportes (de -0,13% para -0,16%). Em comunica\u00e7\u00e3o, o \u00edndice teve varia\u00e7\u00e3o de 0,09% ante 0,1%.<\/p>\n<p>Mais n\u00fameros<\/p>\n<p>Em sentido oposto, foram constatadas eleva\u00e7\u00f5es nos seguintes grupos: alimenta\u00e7\u00e3o (de 0,82% para 0,89%); despesas diversas (de 0,50% para 0,59%); educa\u00e7\u00e3o, leitura e recrea\u00e7\u00e3o (de 0,72% para 0,76%) e sa\u00fade e cuidados pessoais (de 0,51% para 0,54%) .<\/p>\n<p>As maiores press\u00f5es inflacion\u00e1rias foram verificadas nos seguintes itens: leite tipo longa vida (15,08%); feij\u00e3o-carioca (42,12%); passagem a\u00e9rea (21,53%); plano e seguro de sa\u00fade (1,05%) e feij\u00e3o-preto (31,72%).<\/p>\n<p>J\u00e1 os itens que ajudaram a conter o avan\u00e7o da taxa inflacion\u00e1ria foram: mam\u00e3o papaya (-39,90%); cebola (-34,79%); gasolina (-1,25%); manga (-27,88%) e tarifa de eletricidade residencial (-0,62%).<\/p>\n<p>Marli Moreira &#8211; Rep\u00f3rter da Ag\u00eancia Brasil<br \/>\nEdi\u00e7\u00e3o: Kleber Sampaio<br \/>\n19\/07\/2016<\/p>\n","protected":false},"excerpt":{"rendered":"<p>Em sete capitais, o \u00cdndice de Pre\u00e7os ao Consumidor Semanal (IPC-S) apresentou varia\u00e7\u00e3o de 0,41% na segunda semana de julho, taxa 0,03 ponto percentual abaixo da registrada na apura\u00e7\u00e3o anterior (0,44%). A maior influ\u00eancia ocorreu no grupo habita\u00e7\u00e3o que passou de uma alta de 0,44% para 0,26%. O resultado refletiu, principalmente, na queda de pre\u00e7o [&hellip;]<\/p>\n","protected":false},"author":2,"featured_media":57585,"comment_status":"open","ping_status":"closed","sticky":false,"template":"","format":"standard","meta":{"_genesis_hide_title":false,"_genesis_hide_breadcrumbs":false,"_genesis_hide_singular_image":false,"_genesis_hide_footer_widgets":false,"_genesis_custom_body_class":"","_genesis_custom_post_class":"","_genesis_layout":"","_jetpack_memberships_contains_paid_content":false,"footnotes":""},"categories":[22,7],"tags":[],"class_list":{"0":"post-90660","1":"post","2":"type-post","3":"status-publish","4":"format-standard","5":"has-post-thumbnail","7":"category-brasil","8":"category-economia","9":"entry","10":"gs-1","11":"gs-odd","12":"gs-even","13":"gs-featured-content-entry"},"jetpack_featured_media_url":"https:\/\/www.redenoticia.com.br\/noticia\/imagens\/analise-economia.jpg","jetpack_sharing_enabled":true,"jetpack_likes_enabled":true,"_links":{"self":[{"href":"https:\/\/www.redenoticia.com.br\/noticia\/wp-json\/wp\/v2\/posts\/90660","targetHints":{"allow":["GET"]}}],"collection":[{"href":"https:\/\/www.redenoticia.com.br\/noticia\/wp-json\/wp\/v2\/posts"}],"about":[{"href":"https:\/\/www.redenoticia.com.br\/noticia\/wp-json\/wp\/v2\/types\/post"}],"author":[{"embeddable":true,"href":"https:\/\/www.redenoticia.com.br\/noticia\/wp-json\/wp\/v2\/users\/2"}],"replies":[{"embeddable":true,"href":"https:\/\/www.redenoticia.com.br\/noticia\/wp-json\/wp\/v2\/comments?post=90660"}],"version-history":[{"count":0,"href":"https:\/\/www.redenoticia.com.br\/noticia\/wp-json\/wp\/v2\/posts\/90660\/revisions"}],"wp:featuredmedia":[{"embeddable":true,"href":"https:\/\/www.redenoticia.com.br\/noticia\/wp-json\/wp\/v2\/media\/57585"}],"wp:attachment":[{"href":"https:\/\/www.redenoticia.com.br\/noticia\/wp-json\/wp\/v2\/media?parent=90660"}],"wp:term":[{"taxonomy":"category","embeddable":true,"href":"https:\/\/www.redenoticia.com.br\/noticia\/wp-json\/wp\/v2\/categories?post=90660"},{"taxonomy":"post_tag","embeddable":true,"href":"https:\/\/www.redenoticia.com.br\/noticia\/wp-json\/wp\/v2\/tags?post=90660"}],"curies":[{"name":"wp","href":"https:\/\/api.w.org\/{rel}","templated":true}]}}