{"id":90500,"date":"2016-07-18T10:10:08","date_gmt":"2016-07-18T13:10:08","guid":{"rendered":"http:\/\/www.redenoticia.com.br\/noticia\/?p=90500"},"modified":"2016-07-15T13:58:52","modified_gmt":"2016-07-15T16:58:52","slug":"petrobras-nao-pretende-mexer-no-preco-dos-combustiveis-no-curto-prazo","status":"publish","type":"post","link":"https:\/\/www.redenoticia.com.br\/noticia\/2016\/petrobras-nao-pretende-mexer-no-preco-dos-combustiveis-no-curto-prazo\/90500","title":{"rendered":"Petrobras n\u00e3o pretende mexer no pre\u00e7o dos combust\u00edveis no curto prazo"},"content":{"rendered":"<p> O presidente da Petrobras, Pedro Parente, disse que e a estatal n\u00e3o pretende mexer no <strong><em>pre\u00e7o dos combust\u00edveis<\/em><\/strong> no curto prazo. Parente participou, na sede da estatal no Rio, da recep\u00e7\u00e3o aos atletas do Time Petrobras, patrocinados pela empresa e que v\u00e3o defender o Brasil na Olimp\u00edada.<\/p>\n<p>\u201cComo qualquer empresa, a companhia precisa ter liberdade para fixar seus pre\u00e7os. A empresa leva em conta certos par\u00e2metros e condi\u00e7\u00f5es. N\u00e3o tem decis\u00e3o de qualquer mudan\u00e7a de pre\u00e7o, nem para cima nem para baixo. N\u00e3o tem decis\u00e3o agora. Eu estou dizendo que, neste momento, n\u00e3o tem nenhuma decis\u00e3o de subir, nem para cima nem para baixo\u201d, disse o executivo.<\/p>\n<p>Perguntado sobre os resultados deste ano da Petrobras, Parente disse que est\u00e1 otimista. \u201cEncontrei um time com muita dedica\u00e7\u00e3o, muita vontade de virar o jogo. Estamos trabalhando muito para isso, j\u00e1 temos n\u00fameros muito importantes de quebra de recorde de produ\u00e7\u00e3o. A cada m\u00eas a gente bate um novo recorde no pr\u00e9-sal. Estou muito animado, positivamente impressionado e com certeza de que a gente vai dar a volta por cima.\u201d<\/p>\n<p>Parente tamb\u00e9m comentou a poss\u00edvel venda de participa\u00e7\u00e3o na BR Distribuidora e confirmou que j\u00e1 h\u00e1 tr\u00eas propostas, mas que a empresa ainda n\u00e3o se decidiu por nenhuma delas.<\/p>\n<p>\u201cTem tr\u00eas propostas. Estamos avaliando se elas representam o melhor valor poss\u00edvel para a empresa. N\u00e3o chegamos a uma conclus\u00e3o ainda. [Depende] de avaliar se aquilo que foi apresentado corresponde ao valor que a gente entende para a empresa. Houve interesse, mas eventualmente h\u00e1 outras alternativas que produziriam maior interesse. \u00c9 isso que a gente quer ter certeza.\u201d<\/p>\n<p>Segundo Parente, o plano de neg\u00f3cios da Petrobras sair\u00e1 em 120 dias, contados a partir de 2 de junho, e que a meta de desinvestimento (venda de ativos) est\u00e1 mantida. \u201cNossa meta de US$ 15 bilh\u00f5es para os dois anos, 2015 e 2016, est\u00e1 mantida. Foi cumprido pouca coisa, mas estamos trabalhando bastante [para isso].\u201d<\/p>\n<p>Parente posou para foto ao lado dos atletas patrocinados pela Petrobras e disse que torcer\u00e1 por todos. \u201cPara n\u00f3s \u00e9 uma honra a Petrobras participar dessa trajet\u00f3ria e a gente deseja que ela seja culminada com medalhas. N\u00f3s todos vamos estar torcendo muito por isso.\u201d<\/p>\n<p>Vladimir Platonow &#8211; Rep\u00f3rter da Ag\u00eancia Brasil<br \/>\nEdi\u00e7\u00e3o: Luana Louren\u00e7o<br \/>\n18\/07\/2016 <\/p>\n","protected":false},"excerpt":{"rendered":"<p>O presidente da Petrobras, Pedro Parente, disse que e a estatal n\u00e3o pretende mexer no pre\u00e7o dos combust\u00edveis no curto prazo. Parente participou, na sede da estatal no Rio, da recep\u00e7\u00e3o aos atletas do Time Petrobras, patrocinados pela empresa e que v\u00e3o defender o Brasil na Olimp\u00edada. \u201cComo qualquer empresa, a companhia precisa ter liberdade [&hellip;]<\/p>\n","protected":false},"author":2,"featured_media":34985,"comment_status":"open","ping_status":"closed","sticky":false,"template":"","format":"standard","meta":{"_genesis_hide_title":false,"_genesis_hide_breadcrumbs":false,"_genesis_hide_singular_image":false,"_genesis_hide_footer_widgets":false,"_genesis_custom_body_class":"","_genesis_custom_post_class":"","_genesis_layout":"","_jetpack_memberships_contains_paid_content":false,"footnotes":""},"categories":[22,7],"tags":[],"class_list":{"0":"post-90500","1":"post","2":"type-post","3":"status-publish","4":"format-standard","5":"has-post-thumbnail","7":"category-brasil","8":"category-economia","9":"entry","10":"gs-1","11":"gs-odd","12":"gs-even","13":"gs-featured-content-entry"},"jetpack_featured_media_url":"https:\/\/www.redenoticia.com.br\/noticia\/imagens\/combustivel.jpg","jetpack_sharing_enabled":true,"jetpack_likes_enabled":true,"_links":{"self":[{"href":"https:\/\/www.redenoticia.com.br\/noticia\/wp-json\/wp\/v2\/posts\/90500","targetHints":{"allow":["GET"]}}],"collection":[{"href":"https:\/\/www.redenoticia.com.br\/noticia\/wp-json\/wp\/v2\/posts"}],"about":[{"href":"https:\/\/www.redenoticia.com.br\/noticia\/wp-json\/wp\/v2\/types\/post"}],"author":[{"embeddable":true,"href":"https:\/\/www.redenoticia.com.br\/noticia\/wp-json\/wp\/v2\/users\/2"}],"replies":[{"embeddable":true,"href":"https:\/\/www.redenoticia.com.br\/noticia\/wp-json\/wp\/v2\/comments?post=90500"}],"version-history":[{"count":0,"href":"https:\/\/www.redenoticia.com.br\/noticia\/wp-json\/wp\/v2\/posts\/90500\/revisions"}],"wp:featuredmedia":[{"embeddable":true,"href":"https:\/\/www.redenoticia.com.br\/noticia\/wp-json\/wp\/v2\/media\/34985"}],"wp:attachment":[{"href":"https:\/\/www.redenoticia.com.br\/noticia\/wp-json\/wp\/v2\/media?parent=90500"}],"wp:term":[{"taxonomy":"category","embeddable":true,"href":"https:\/\/www.redenoticia.com.br\/noticia\/wp-json\/wp\/v2\/categories?post=90500"},{"taxonomy":"post_tag","embeddable":true,"href":"https:\/\/www.redenoticia.com.br\/noticia\/wp-json\/wp\/v2\/tags?post=90500"}],"curies":[{"name":"wp","href":"https:\/\/api.w.org\/{rel}","templated":true}]}}