{"id":90496,"date":"2016-07-18T10:08:52","date_gmt":"2016-07-18T13:08:52","guid":{"rendered":"http:\/\/www.redenoticia.com.br\/noticia\/?p=90496"},"modified":"2016-07-15T13:59:43","modified_gmt":"2016-07-15T16:59:43","slug":"juizado-especial-do-torcedor-atendera-em-postos-moveis-na-rio-2016","status":"publish","type":"post","link":"https:\/\/www.redenoticia.com.br\/noticia\/2016\/juizado-especial-do-torcedor-atendera-em-postos-moveis-na-rio-2016\/90496","title":{"rendered":"Juizado Especial do Torcedor atender\u00e1 em postos m\u00f3veis na Rio 2016"},"content":{"rendered":"<p> O Juizado Especial do Torcedor e dos Grandes Eventos da Justi\u00e7a do Rio de Janeiro atuar\u00e1 em postos m\u00f3veis para atendimento aos cidad\u00e3os durante os <strong><em>Jogos Ol\u00edmpicos<\/em><\/strong> e Paral\u00edmpicos deste ano. Segundo o Tribunal de Justi\u00e7a do Rio de Janeiro (TJRJ), as unidades estar\u00e3o aptas a \u201cprocessar, julgar e executar os feitos criminais e c\u00edveis previstos no Estatuto do Torcedor, al\u00e9m dos crimes de menor potencial ofensivo previstos na Lei 9.099\/95 que regulamenta a atua\u00e7\u00e3o dos Juizados Especiais C\u00edveis e Criminais\u201d.<\/p>\n<p>A presta\u00e7\u00e3o de servi\u00e7os ser\u00e1 iniciada duas horas antes da primeira disputa ol\u00edmpica e encerrada ao final do \u00faltimo evento.<\/p>\n<p>Os postos funcionar\u00e3o na Barra da Tijuca, zona oeste, em frente ao Parque Ol\u00edmpico, de 6 a 21 de agosto; em Deodoro, zona norte, na Avenida Duque de Caxias, 760, ao lado da igreja, no mesmo per\u00edodo; na Pra\u00e7a do Lido, em Copacabana, em unidade m\u00f3vel e nas depend\u00eancias da Escola Municipal Roma (de 6 a 20 de agosto); no Est\u00e1dio do Maracan\u00e3, zona norte, na Avenida Radial Oeste, com acesso pelo Port\u00e3o 3 (5 a 21 de agosto); no Est\u00e1dio do Engenh\u00e3o, tamb\u00e9m na zona norte da cidade, com acesso pela \u00e1rea sul, em frente \u00e0 linha do trem (de 3 a 7 e de 12 a 20 de agosto).<\/p>\n<p>No Aeroporto Internacional do Rio de Janeiro\/Gale\u00e3o &#8211; Antonio Carlos Jobim, os postos de atendimento funcionar\u00e3o 24 horas, de 4 de agosto a 22 de setembro. O servi\u00e7o ser\u00e1 oferecido tamb\u00e9m no Aeroporto Santos Dumont (das 6h \u00e0s 22h). Nos aeroportos, o juiz de plant\u00e3o poder\u00e1 julgar casos relacionados ao Juizado dos Grandes Eventos e mat\u00e9rias sobre inf\u00e2ncia, exceto as que envolvam menores infratores.<\/p>\n<p>Cada posto de atendimento do Juizado Especial do Torcedor e dos Grandes Eventos na cidade ter\u00e1 quatro ju\u00edzes, sendo dois do pr\u00f3prio juizado e um da Vara da Inf\u00e2ncia, Juventude e Idoso. O quarto juiz atuar\u00e1 como coordenador. De acordo com o TJRJ, comiss\u00e1rios da inf\u00e2ncia e de cart\u00f3rio tamb\u00e9m v\u00e3o atuar nos postos durante os jogos.<\/p>\n<p>Alana Gandra &#8211; Rep\u00f3rter da Ag\u00eancia Brasil<br \/>\nEdi\u00e7\u00e3o: N\u00e1dia Franco<br \/>\n18\/07\/2016<\/p>\n","protected":false},"excerpt":{"rendered":"<p>O Juizado Especial do Torcedor e dos Grandes Eventos da Justi\u00e7a do Rio de Janeiro atuar\u00e1 em postos m\u00f3veis para atendimento aos cidad\u00e3os durante os Jogos Ol\u00edmpicos e Paral\u00edmpicos deste ano. Segundo o Tribunal de Justi\u00e7a do Rio de Janeiro (TJRJ), as unidades estar\u00e3o aptas a \u201cprocessar, julgar e executar os feitos criminais e c\u00edveis [&hellip;]<\/p>\n","protected":false},"author":2,"featured_media":39880,"comment_status":"open","ping_status":"closed","sticky":false,"template":"","format":"standard","meta":{"_genesis_hide_title":false,"_genesis_hide_breadcrumbs":false,"_genesis_hide_singular_image":false,"_genesis_hide_footer_widgets":false,"_genesis_custom_body_class":"","_genesis_custom_post_class":"","_genesis_layout":"","_jetpack_memberships_contains_paid_content":false,"footnotes":""},"categories":[22],"tags":[],"class_list":{"0":"post-90496","1":"post","2":"type-post","3":"status-publish","4":"format-standard","5":"has-post-thumbnail","7":"category-brasil","8":"entry","9":"gs-1","10":"gs-odd","11":"gs-even","12":"gs-featured-content-entry"},"jetpack_featured_media_url":"https:\/\/www.redenoticia.com.br\/noticia\/imagens\/olimpiadas.jpg","jetpack_sharing_enabled":true,"jetpack_likes_enabled":true,"_links":{"self":[{"href":"https:\/\/www.redenoticia.com.br\/noticia\/wp-json\/wp\/v2\/posts\/90496","targetHints":{"allow":["GET"]}}],"collection":[{"href":"https:\/\/www.redenoticia.com.br\/noticia\/wp-json\/wp\/v2\/posts"}],"about":[{"href":"https:\/\/www.redenoticia.com.br\/noticia\/wp-json\/wp\/v2\/types\/post"}],"author":[{"embeddable":true,"href":"https:\/\/www.redenoticia.com.br\/noticia\/wp-json\/wp\/v2\/users\/2"}],"replies":[{"embeddable":true,"href":"https:\/\/www.redenoticia.com.br\/noticia\/wp-json\/wp\/v2\/comments?post=90496"}],"version-history":[{"count":0,"href":"https:\/\/www.redenoticia.com.br\/noticia\/wp-json\/wp\/v2\/posts\/90496\/revisions"}],"wp:featuredmedia":[{"embeddable":true,"href":"https:\/\/www.redenoticia.com.br\/noticia\/wp-json\/wp\/v2\/media\/39880"}],"wp:attachment":[{"href":"https:\/\/www.redenoticia.com.br\/noticia\/wp-json\/wp\/v2\/media?parent=90496"}],"wp:term":[{"taxonomy":"category","embeddable":true,"href":"https:\/\/www.redenoticia.com.br\/noticia\/wp-json\/wp\/v2\/categories?post=90496"},{"taxonomy":"post_tag","embeddable":true,"href":"https:\/\/www.redenoticia.com.br\/noticia\/wp-json\/wp\/v2\/tags?post=90496"}],"curies":[{"name":"wp","href":"https:\/\/api.w.org\/{rel}","templated":true}]}}