{"id":90439,"date":"2016-07-15T10:33:31","date_gmt":"2016-07-15T13:33:31","guid":{"rendered":"http:\/\/www.redenoticia.com.br\/noticia\/?p=90439"},"modified":"2016-07-14T20:34:43","modified_gmt":"2016-07-14T23:34:43","slug":"pib-acumula-queda-de-47-em-12-meses-diz-fgv","status":"publish","type":"post","link":"https:\/\/www.redenoticia.com.br\/noticia\/2016\/pib-acumula-queda-de-47-em-12-meses-diz-fgv\/90439","title":{"rendered":"PIB acumula queda de 4,7% em 12 meses, diz FGV"},"content":{"rendered":"<p> O <em><strong>Produto Interno Bruto<\/strong><\/em> (PIB), soma de todos os bens e servi\u00e7os produzidos no pa\u00eds, acumula queda de 4,7% em 12 meses, segundo o Monitor do PIB de maio da Funda\u00e7\u00e3o Getulio Vargas (FGV). Essa \u00e9 a 17\u00aa queda consecutiva do indicador, que registrou recuo ligeiramente inferior ao observado em abril (-4,8%).<\/p>\n<p>Dez dos 12 setores produtivos pesquisados t\u00eam queda no acumulado de 12 meses, com destaque para a ind\u00fastria da transforma\u00e7\u00e3o (-9,9%), com\u00e9rcio (-9,9%), transporte (-7,4%) e constru\u00e7\u00e3o (-5,7%). Outros setores com redu\u00e7\u00e3o no acumulado de 12 meses s\u00e3o outros servi\u00e7os (-3,7%), servi\u00e7os de informa\u00e7\u00e3o (-3,3%), ind\u00fastria extrativa mineral (-3%), agropecu\u00e1ria (-2%), intermedia\u00e7\u00e3o financeira (-0,6%) e administra\u00e7\u00e3o p\u00fablica (-0,2%).<\/p>\n<p>Apenas dois itens acumulam alta nesse per\u00edodo, segundo o Monitor do PIB de maio: servi\u00e7os imobili\u00e1rios (0,2%) e eletricidade (2,5%).<\/p>\n<p>Sob a \u00f3tica da demanda, apenas o setor externo \u00e9 favor\u00e1vel para o PIB, com exporta\u00e7\u00f5es crescendo 9,6% e as importa\u00e7\u00f5es recuando 17,3%. A demanda interna \u00e9 negativa nos tr\u00eas segmentos analisados: forma\u00e7\u00e3o bruta de capital fixo, isto \u00e9, os investimentos (-15,8%), consumo das fam\u00edlias (-5,4%) e consumo do governo (-1,2%).<\/p>\n<p>Ainda de acordo com o Monitor do PIB, o Produto Interno Bruto apresentou quedas de 0,41% na passagem de abril para maio, de 0,46% no trimestre encerrado em maio na compara\u00e7\u00e3o com o trimestre encerrado em fevereiro e 4% na compara\u00e7\u00e3o com maio de 2015.<\/p>\n<p>Vitor Abdala \u2013 Rep\u00f3rter da Ag\u00eancia Brasil<br \/>\nEdi\u00e7\u00e3o: Kleber Sampaio<br \/>\n15\/07\/2016<\/p>\n","protected":false},"excerpt":{"rendered":"<p>O Produto Interno Bruto (PIB), soma de todos os bens e servi\u00e7os produzidos no pa\u00eds, acumula queda de 4,7% em 12 meses, segundo o Monitor do PIB de maio da Funda\u00e7\u00e3o Getulio Vargas (FGV). Essa \u00e9 a 17\u00aa queda consecutiva do indicador, que registrou recuo ligeiramente inferior ao observado em abril (-4,8%). Dez dos 12 [&hellip;]<\/p>\n","protected":false},"author":2,"featured_media":38938,"comment_status":"open","ping_status":"closed","sticky":false,"template":"","format":"standard","meta":{"_genesis_hide_title":false,"_genesis_hide_breadcrumbs":false,"_genesis_hide_singular_image":false,"_genesis_hide_footer_widgets":false,"_genesis_custom_body_class":"","_genesis_custom_post_class":"","_genesis_layout":"","_jetpack_memberships_contains_paid_content":false,"footnotes":""},"categories":[22,7],"tags":[],"class_list":{"0":"post-90439","1":"post","2":"type-post","3":"status-publish","4":"format-standard","5":"has-post-thumbnail","7":"category-brasil","8":"category-economia","9":"entry","10":"gs-1","11":"gs-odd","12":"gs-even","13":"gs-featured-content-entry"},"jetpack_featured_media_url":"https:\/\/www.redenoticia.com.br\/noticia\/imagens\/economia1.jpg","jetpack_sharing_enabled":true,"jetpack_likes_enabled":true,"_links":{"self":[{"href":"https:\/\/www.redenoticia.com.br\/noticia\/wp-json\/wp\/v2\/posts\/90439","targetHints":{"allow":["GET"]}}],"collection":[{"href":"https:\/\/www.redenoticia.com.br\/noticia\/wp-json\/wp\/v2\/posts"}],"about":[{"href":"https:\/\/www.redenoticia.com.br\/noticia\/wp-json\/wp\/v2\/types\/post"}],"author":[{"embeddable":true,"href":"https:\/\/www.redenoticia.com.br\/noticia\/wp-json\/wp\/v2\/users\/2"}],"replies":[{"embeddable":true,"href":"https:\/\/www.redenoticia.com.br\/noticia\/wp-json\/wp\/v2\/comments?post=90439"}],"version-history":[{"count":0,"href":"https:\/\/www.redenoticia.com.br\/noticia\/wp-json\/wp\/v2\/posts\/90439\/revisions"}],"wp:featuredmedia":[{"embeddable":true,"href":"https:\/\/www.redenoticia.com.br\/noticia\/wp-json\/wp\/v2\/media\/38938"}],"wp:attachment":[{"href":"https:\/\/www.redenoticia.com.br\/noticia\/wp-json\/wp\/v2\/media?parent=90439"}],"wp:term":[{"taxonomy":"category","embeddable":true,"href":"https:\/\/www.redenoticia.com.br\/noticia\/wp-json\/wp\/v2\/categories?post=90439"},{"taxonomy":"post_tag","embeddable":true,"href":"https:\/\/www.redenoticia.com.br\/noticia\/wp-json\/wp\/v2\/tags?post=90439"}],"curies":[{"name":"wp","href":"https:\/\/api.w.org\/{rel}","templated":true}]}}