{"id":90343,"date":"2016-07-14T10:30:55","date_gmt":"2016-07-14T13:30:55","guid":{"rendered":"http:\/\/www.redenoticia.com.br\/noticia\/?p=90343"},"modified":"2016-07-13T22:31:36","modified_gmt":"2016-07-14T01:31:36","slug":"intencao-de-consumo-das-familias-cai-21-em-relacao-a-julho-de-2015-diz-cnc","status":"publish","type":"post","link":"https:\/\/www.redenoticia.com.br\/noticia\/2016\/intencao-de-consumo-das-familias-cai-21-em-relacao-a-julho-de-2015-diz-cnc\/90343","title":{"rendered":"Inten\u00e7\u00e3o de Consumo das Fam\u00edlias cai 21% em rela\u00e7\u00e3o a julho de 2015, diz CNC"},"content":{"rendered":"<p> A <strong><em>Inten\u00e7\u00e3o de Consumo<\/em><\/strong> das Fam\u00edlias ficou est\u00e1vel na passagem de junho para julho deste ano com 68,7 pontos, segundo informou a Confedera\u00e7\u00e3o Nacional do Com\u00e9rcio de Bens, Servi\u00e7os e Turismo (CNC). No entanto, na compara\u00e7\u00e3o com julho de 2015, houve queda de 21%. Segundo a CNC, a confian\u00e7a do consumidor permanece baixa e a recupera\u00e7\u00e3o deve acontecer lentamente, j\u00e1 que as fam\u00edlias ainda est\u00e3o muito endividadas.<\/p>\n<p>Na compara\u00e7\u00e3o com junho deste ano, quatro dos sete componentes alcan\u00e7aram resultado positivo. Os consumidores est\u00e3o mais satisfeitos com o seu emprego atual (1,2%), com a perspectiva profissional (0,6%), com o n\u00edvel de consumo atual (1,2%) e com a renda atual (0,1%).<\/p>\n<p>No entanto, h\u00e1 menos motiva\u00e7\u00e3o para a compra a prazo (-0,8%), para a perspectiva de consumo (-1,4%) e para a compra de bens dur\u00e1veis (-2,2%).<\/p>\n<p>Na compara\u00e7\u00e3o com julho de 2015, os sete componentes registraram piora: emprego atual (-10%), perspectiva profissional (-9,8%), n\u00edvel de consumo atual (-34,5%), renda atual (-18,9%), compra a prazo (-25,5%), perspectiva de consumo (-29,7%) e momento para a compra de bens dur\u00e1veis (-31,3%).<\/p>\n<p>Vitor Abdala \u2013 Rep\u00f3rter da Ag\u00eancia Brasil<br \/>\nEdi\u00e7\u00e3o: Kleber Sampaio<br \/>\n14\/07\/2016 <\/p>\n","protected":false},"excerpt":{"rendered":"<p>A Inten\u00e7\u00e3o de Consumo das Fam\u00edlias ficou est\u00e1vel na passagem de junho para julho deste ano com 68,7 pontos, segundo informou a Confedera\u00e7\u00e3o Nacional do Com\u00e9rcio de Bens, Servi\u00e7os e Turismo (CNC). No entanto, na compara\u00e7\u00e3o com julho de 2015, houve queda de 21%. Segundo a CNC, a confian\u00e7a do consumidor permanece baixa e a [&hellip;]<\/p>\n","protected":false},"author":2,"featured_media":57583,"comment_status":"open","ping_status":"closed","sticky":false,"template":"","format":"standard","meta":{"_genesis_hide_title":false,"_genesis_hide_breadcrumbs":false,"_genesis_hide_singular_image":false,"_genesis_hide_footer_widgets":false,"_genesis_custom_body_class":"","_genesis_custom_post_class":"","_genesis_layout":"","_jetpack_memberships_contains_paid_content":false,"footnotes":""},"categories":[22,7],"tags":[],"class_list":{"0":"post-90343","1":"post","2":"type-post","3":"status-publish","4":"format-standard","5":"has-post-thumbnail","7":"category-brasil","8":"category-economia","9":"entry","10":"gs-1","11":"gs-odd","12":"gs-even","13":"gs-featured-content-entry"},"jetpack_featured_media_url":"https:\/\/www.redenoticia.com.br\/noticia\/imagens\/economia-grafico.jpg","jetpack_sharing_enabled":true,"jetpack_likes_enabled":true,"_links":{"self":[{"href":"https:\/\/www.redenoticia.com.br\/noticia\/wp-json\/wp\/v2\/posts\/90343","targetHints":{"allow":["GET"]}}],"collection":[{"href":"https:\/\/www.redenoticia.com.br\/noticia\/wp-json\/wp\/v2\/posts"}],"about":[{"href":"https:\/\/www.redenoticia.com.br\/noticia\/wp-json\/wp\/v2\/types\/post"}],"author":[{"embeddable":true,"href":"https:\/\/www.redenoticia.com.br\/noticia\/wp-json\/wp\/v2\/users\/2"}],"replies":[{"embeddable":true,"href":"https:\/\/www.redenoticia.com.br\/noticia\/wp-json\/wp\/v2\/comments?post=90343"}],"version-history":[{"count":0,"href":"https:\/\/www.redenoticia.com.br\/noticia\/wp-json\/wp\/v2\/posts\/90343\/revisions"}],"wp:featuredmedia":[{"embeddable":true,"href":"https:\/\/www.redenoticia.com.br\/noticia\/wp-json\/wp\/v2\/media\/57583"}],"wp:attachment":[{"href":"https:\/\/www.redenoticia.com.br\/noticia\/wp-json\/wp\/v2\/media?parent=90343"}],"wp:term":[{"taxonomy":"category","embeddable":true,"href":"https:\/\/www.redenoticia.com.br\/noticia\/wp-json\/wp\/v2\/categories?post=90343"},{"taxonomy":"post_tag","embeddable":true,"href":"https:\/\/www.redenoticia.com.br\/noticia\/wp-json\/wp\/v2\/tags?post=90343"}],"curies":[{"name":"wp","href":"https:\/\/api.w.org\/{rel}","templated":true}]}}