{"id":90341,"date":"2016-07-14T10:29:59","date_gmt":"2016-07-14T13:29:59","guid":{"rendered":"http:\/\/www.redenoticia.com.br\/noticia\/?p=90341"},"modified":"2016-07-13T22:30:52","modified_gmt":"2016-07-14T01:30:52","slug":"faturamento-das-industrias-de-material-de-construcao-cai-108","status":"publish","type":"post","link":"https:\/\/www.redenoticia.com.br\/noticia\/2016\/faturamento-das-industrias-de-material-de-construcao-cai-108\/90341","title":{"rendered":"Faturamento das ind\u00fastrias de material de constru\u00e7\u00e3o cai 10,8%"},"content":{"rendered":"<p> O m\u00eas de junho deste ano teve queda de 10,8% no <strong><em>faturamento das ind\u00fastrias de material de constru\u00e7\u00e3o<\/em><\/strong> na compara\u00e7\u00e3o com o mesmo m\u00eas do ano passado. Segundo a Associa\u00e7\u00e3o Brasileira da Ind\u00fastria dos Materiais de Constru\u00e7\u00e3o (Abramat), em rela\u00e7\u00e3o a maio deste ano, o faturamento caiu 3,7%.<\/p>\n<p>Na compara\u00e7\u00e3o entre o primeiro semestre deste ano e o mesmo per\u00edodo de 2015, a retra\u00e7\u00e3o foi de 14,3%. \u201cAs condi\u00e7\u00f5es negativas na economia continuam a afetar o desempenho da ind\u00fastria. Estamos na expectativa de uma retomada do cr\u00e9dito para reformas e do anunciado est\u00edmulo \u00e0 infraestrutura via concess\u00f5es e PPPs [parcerias p\u00fablico-privadas]\u201d, disse, em nota, o presidente da Abramat, Walter Cover.<\/p>\n<p>As ind\u00fastrias de materiais segmentados em base e acabamento tamb\u00e9m apresentaram queda, de 13,7% e 6,5%, respectivamente, ante junho do ano passado. Em compara\u00e7\u00e3o com maio deste ano, houve queda de 3,8% nas vendas de base e de 3,6% nas vendas de materiais de acabamento.<\/p>\n<p>O n\u00edvel de empregos no setor tamb\u00e9m caiu. A retra\u00e7\u00e3o foi de 9,7% nos empregos em rela\u00e7\u00e3o a junho do ano passado. \u201cOs seguidos resultados negativos e a atual conjuntura econ\u00f4mica fizeram a associa\u00e7\u00e3o rever a perspectiva para 2016, que passa a ser de 8% de retra\u00e7\u00e3o na compara\u00e7\u00e3o com 2015\u201d, destacou, em nota, a Abramat.<\/p>\n<p>Para os pr\u00f3ximos meses, as proje\u00e7\u00f5es da entidade indicam continuidade das tend\u00eancias de queda.<\/p>\n<p>Camila Boehm \u2013 Rep\u00f3rter da Ag\u00eancia Brasil<br \/>\nEdi\u00e7\u00e3o: N\u00e1dia Franco<br \/>\n14\/07\/2016<\/p>\n","protected":false},"excerpt":{"rendered":"<p>O m\u00eas de junho deste ano teve queda de 10,8% no faturamento das ind\u00fastrias de material de constru\u00e7\u00e3o na compara\u00e7\u00e3o com o mesmo m\u00eas do ano passado. Segundo a Associa\u00e7\u00e3o Brasileira da Ind\u00fastria dos Materiais de Constru\u00e7\u00e3o (Abramat), em rela\u00e7\u00e3o a maio deste ano, o faturamento caiu 3,7%. Na compara\u00e7\u00e3o entre o primeiro semestre deste [&hellip;]<\/p>\n","protected":false},"author":2,"featured_media":40734,"comment_status":"open","ping_status":"closed","sticky":false,"template":"","format":"standard","meta":{"_genesis_hide_title":false,"_genesis_hide_breadcrumbs":false,"_genesis_hide_singular_image":false,"_genesis_hide_footer_widgets":false,"_genesis_custom_body_class":"","_genesis_custom_post_class":"","_genesis_layout":"","_jetpack_memberships_contains_paid_content":false,"footnotes":""},"categories":[22,7],"tags":[],"class_list":{"0":"post-90341","1":"post","2":"type-post","3":"status-publish","4":"format-standard","5":"has-post-thumbnail","7":"category-brasil","8":"category-economia","9":"entry","10":"gs-1","11":"gs-odd","12":"gs-even","13":"gs-featured-content-entry"},"jetpack_featured_media_url":"https:\/\/www.redenoticia.com.br\/noticia\/imagens\/economia-resultados.jpg","jetpack_sharing_enabled":true,"jetpack_likes_enabled":true,"_links":{"self":[{"href":"https:\/\/www.redenoticia.com.br\/noticia\/wp-json\/wp\/v2\/posts\/90341","targetHints":{"allow":["GET"]}}],"collection":[{"href":"https:\/\/www.redenoticia.com.br\/noticia\/wp-json\/wp\/v2\/posts"}],"about":[{"href":"https:\/\/www.redenoticia.com.br\/noticia\/wp-json\/wp\/v2\/types\/post"}],"author":[{"embeddable":true,"href":"https:\/\/www.redenoticia.com.br\/noticia\/wp-json\/wp\/v2\/users\/2"}],"replies":[{"embeddable":true,"href":"https:\/\/www.redenoticia.com.br\/noticia\/wp-json\/wp\/v2\/comments?post=90341"}],"version-history":[{"count":0,"href":"https:\/\/www.redenoticia.com.br\/noticia\/wp-json\/wp\/v2\/posts\/90341\/revisions"}],"wp:featuredmedia":[{"embeddable":true,"href":"https:\/\/www.redenoticia.com.br\/noticia\/wp-json\/wp\/v2\/media\/40734"}],"wp:attachment":[{"href":"https:\/\/www.redenoticia.com.br\/noticia\/wp-json\/wp\/v2\/media?parent=90341"}],"wp:term":[{"taxonomy":"category","embeddable":true,"href":"https:\/\/www.redenoticia.com.br\/noticia\/wp-json\/wp\/v2\/categories?post=90341"},{"taxonomy":"post_tag","embeddable":true,"href":"https:\/\/www.redenoticia.com.br\/noticia\/wp-json\/wp\/v2\/tags?post=90341"}],"curies":[{"name":"wp","href":"https:\/\/api.w.org\/{rel}","templated":true}]}}