{"id":90339,"date":"2016-07-14T10:29:03","date_gmt":"2016-07-14T13:29:03","guid":{"rendered":"http:\/\/www.redenoticia.com.br\/noticia\/?p=90339"},"modified":"2016-07-13T22:29:53","modified_gmt":"2016-07-14T01:29:53","slug":"brasil-tem-13-milhao-de-inadimplentes-a-menos-diz-serasa","status":"publish","type":"post","link":"https:\/\/www.redenoticia.com.br\/noticia\/2016\/brasil-tem-13-milhao-de-inadimplentes-a-menos-diz-serasa\/90339","title":{"rendered":"Brasil tem 1,3 milh\u00e3o de inadimplentes a menos, diz Serasa"},"content":{"rendered":"<p> Levantamento da empresa Serasa Experian sobre a <strong><em>inadimpl\u00eancia<\/em><\/strong> no pa\u00eds mostra que, pela primeira vez desde dezembro de 2014, houve redu\u00e7\u00e3o, em maio \u00faltimo, no n\u00famero de devedores que n\u00e3o conseguiram honrar os compromissos. Foram registrados 59.470.359 inadimplentes, total que representa uma queda de 1,3 milh\u00e3o sobre o universo recorde encontrado em abril (60.730.403).<\/p>\n<p>O valor das d\u00edvidas em atraso atingiu R$ 264,2 bilh\u00f5es. As regulariza\u00e7\u00f5es dos d\u00e9bitos foram constatadas mais entre os jovens de 18 a 25 anos, que ocupam o segundo lugar no ranking de brasileiros negativados, somando 9,3 milh\u00f5es de pessoas.<\/p>\n<p>Apesar desse esfor\u00e7o na quita\u00e7\u00e3o das d\u00edvidas, os economistas da Serasa alertam que o desemprego, a falta de experi\u00eancia no cr\u00e9dito e a maneira impulsiva de ir \u00e0s compras est\u00e3o entre os principais fatores que levam este grupo a atrasar d\u00edvidas.<\/p>\n<p>Por meio de nota, os economistas observaram que houve um movimento de busca por linhas de cr\u00e9dito e tamb\u00e9m de saque nas cadernetas de poupan\u00e7a. Com base em dados do Banco Central, eles informaram que as retiradas da poupan\u00e7a superaram os dep\u00f3sitos em R$ 42,6 bilh\u00f5es entre janeiro e junho de 2016.<\/p>\n<p>Marli Moreira &#8211; Rep\u00f3rter da Ag\u00eancia Brasil<br \/>\nEdi\u00e7\u00e3o: Kleber Sampaio<br \/>\n14\/07\/2016<\/p>\n","protected":false},"excerpt":{"rendered":"<p>Levantamento da empresa Serasa Experian sobre a inadimpl\u00eancia no pa\u00eds mostra que, pela primeira vez desde dezembro de 2014, houve redu\u00e7\u00e3o, em maio \u00faltimo, no n\u00famero de devedores que n\u00e3o conseguiram honrar os compromissos. Foram registrados 59.470.359 inadimplentes, total que representa uma queda de 1,3 milh\u00e3o sobre o universo recorde encontrado em abril (60.730.403). O [&hellip;]<\/p>\n","protected":false},"author":2,"featured_media":57584,"comment_status":"open","ping_status":"closed","sticky":false,"template":"","format":"standard","meta":{"_genesis_hide_title":false,"_genesis_hide_breadcrumbs":false,"_genesis_hide_singular_image":false,"_genesis_hide_footer_widgets":false,"_genesis_custom_body_class":"","_genesis_custom_post_class":"","_genesis_layout":"","_jetpack_memberships_contains_paid_content":false,"footnotes":""},"categories":[22,7],"tags":[],"class_list":{"0":"post-90339","1":"post","2":"type-post","3":"status-publish","4":"format-standard","5":"has-post-thumbnail","7":"category-brasil","8":"category-economia","9":"entry","10":"gs-1","11":"gs-odd","12":"gs-even","13":"gs-featured-content-entry"},"jetpack_featured_media_url":"https:\/\/www.redenoticia.com.br\/noticia\/imagens\/economia-grafica-analise-inflacao.jpg","jetpack_sharing_enabled":true,"jetpack_likes_enabled":true,"_links":{"self":[{"href":"https:\/\/www.redenoticia.com.br\/noticia\/wp-json\/wp\/v2\/posts\/90339","targetHints":{"allow":["GET"]}}],"collection":[{"href":"https:\/\/www.redenoticia.com.br\/noticia\/wp-json\/wp\/v2\/posts"}],"about":[{"href":"https:\/\/www.redenoticia.com.br\/noticia\/wp-json\/wp\/v2\/types\/post"}],"author":[{"embeddable":true,"href":"https:\/\/www.redenoticia.com.br\/noticia\/wp-json\/wp\/v2\/users\/2"}],"replies":[{"embeddable":true,"href":"https:\/\/www.redenoticia.com.br\/noticia\/wp-json\/wp\/v2\/comments?post=90339"}],"version-history":[{"count":0,"href":"https:\/\/www.redenoticia.com.br\/noticia\/wp-json\/wp\/v2\/posts\/90339\/revisions"}],"wp:featuredmedia":[{"embeddable":true,"href":"https:\/\/www.redenoticia.com.br\/noticia\/wp-json\/wp\/v2\/media\/57584"}],"wp:attachment":[{"href":"https:\/\/www.redenoticia.com.br\/noticia\/wp-json\/wp\/v2\/media?parent=90339"}],"wp:term":[{"taxonomy":"category","embeddable":true,"href":"https:\/\/www.redenoticia.com.br\/noticia\/wp-json\/wp\/v2\/categories?post=90339"},{"taxonomy":"post_tag","embeddable":true,"href":"https:\/\/www.redenoticia.com.br\/noticia\/wp-json\/wp\/v2\/tags?post=90339"}],"curies":[{"name":"wp","href":"https:\/\/api.w.org\/{rel}","templated":true}]}}