{"id":90337,"date":"2016-07-14T10:26:40","date_gmt":"2016-07-14T13:26:40","guid":{"rendered":"http:\/\/www.redenoticia.com.br\/noticia\/?p=90337"},"modified":"2016-07-13T22:28:59","modified_gmt":"2016-07-14T01:28:59","slug":"servicos-tem-queda-de-61-em-maio-no-pior-resultado-para-o-mes-desde-2012","status":"publish","type":"post","link":"https:\/\/www.redenoticia.com.br\/noticia\/2016\/servicos-tem-queda-de-61-em-maio-no-pior-resultado-para-o-mes-desde-2012\/90337","title":{"rendered":"Servi\u00e7os t\u00eam queda de 6,1% em maio, no pior resultado para o m\u00eas desde 2012"},"content":{"rendered":"<p> O <strong><em>volume de servi\u00e7os<\/em><\/strong> teve uma queda de 6,1% em maio deste ano, na compara\u00e7\u00e3o com o mesmo per\u00edodo do ano passado. \u00c9 o pior resultado para meses de maio desde o in\u00edcio da s\u00e9rie hist\u00f3rica em 2012. \u00c9 tamb\u00e9m a segunda maior queda da s\u00e9rie, perdendo apenas para o recuo de 6,4% de novembro de 2015.<\/p>\n<p>Segundo a Pesquisa Mensal de Servi\u00e7os (PMS), divulgada pelo Instituto Brasileiro de Geografia e Estat\u00edstica (IBGE), os servi\u00e7os ca\u00edram 0,1% na compara\u00e7\u00e3o com abril deste ano, 5,1% no acumulado do ano e 4,8% no per\u00edodo de 12 meses.<\/p>\n<p>A receita nominal do setor de servi\u00e7os cresceu 0,4% entre abril e maio deste ano. Na compara\u00e7\u00e3o com maio de 2015, houve queda de 0,7%. Nos acumulados do ano e de 12 meses, a receita teve altas de 0,2% e 0,4%, respectivamente. A receita nominal n\u00e3o considera os efeitos da infla\u00e7\u00e3o sobre o valor dos servi\u00e7os.<\/p>\n<p>Vitor Abdala \u2013 Rep\u00f3rter da Ag\u00eancia Brasil<br \/>\nEdi\u00e7\u00e3o: Kleber Sampaio<br \/>\n14\/07\/2016<\/p>\n","protected":false},"excerpt":{"rendered":"<p>O volume de servi\u00e7os teve uma queda de 6,1% em maio deste ano, na compara\u00e7\u00e3o com o mesmo per\u00edodo do ano passado. \u00c9 o pior resultado para meses de maio desde o in\u00edcio da s\u00e9rie hist\u00f3rica em 2012. \u00c9 tamb\u00e9m a segunda maior queda da s\u00e9rie, perdendo apenas para o recuo de 6,4% de novembro [&hellip;]<\/p>\n","protected":false},"author":2,"featured_media":57585,"comment_status":"open","ping_status":"closed","sticky":false,"template":"","format":"standard","meta":{"_genesis_hide_title":false,"_genesis_hide_breadcrumbs":false,"_genesis_hide_singular_image":false,"_genesis_hide_footer_widgets":false,"_genesis_custom_body_class":"","_genesis_custom_post_class":"","_genesis_layout":"","_jetpack_memberships_contains_paid_content":false,"footnotes":""},"categories":[22,7],"tags":[],"class_list":{"0":"post-90337","1":"post","2":"type-post","3":"status-publish","4":"format-standard","5":"has-post-thumbnail","7":"category-brasil","8":"category-economia","9":"entry","10":"gs-1","11":"gs-odd","12":"gs-even","13":"gs-featured-content-entry"},"jetpack_featured_media_url":"https:\/\/www.redenoticia.com.br\/noticia\/imagens\/analise-economia.jpg","jetpack_sharing_enabled":true,"jetpack_likes_enabled":true,"_links":{"self":[{"href":"https:\/\/www.redenoticia.com.br\/noticia\/wp-json\/wp\/v2\/posts\/90337","targetHints":{"allow":["GET"]}}],"collection":[{"href":"https:\/\/www.redenoticia.com.br\/noticia\/wp-json\/wp\/v2\/posts"}],"about":[{"href":"https:\/\/www.redenoticia.com.br\/noticia\/wp-json\/wp\/v2\/types\/post"}],"author":[{"embeddable":true,"href":"https:\/\/www.redenoticia.com.br\/noticia\/wp-json\/wp\/v2\/users\/2"}],"replies":[{"embeddable":true,"href":"https:\/\/www.redenoticia.com.br\/noticia\/wp-json\/wp\/v2\/comments?post=90337"}],"version-history":[{"count":0,"href":"https:\/\/www.redenoticia.com.br\/noticia\/wp-json\/wp\/v2\/posts\/90337\/revisions"}],"wp:featuredmedia":[{"embeddable":true,"href":"https:\/\/www.redenoticia.com.br\/noticia\/wp-json\/wp\/v2\/media\/57585"}],"wp:attachment":[{"href":"https:\/\/www.redenoticia.com.br\/noticia\/wp-json\/wp\/v2\/media?parent=90337"}],"wp:term":[{"taxonomy":"category","embeddable":true,"href":"https:\/\/www.redenoticia.com.br\/noticia\/wp-json\/wp\/v2\/categories?post=90337"},{"taxonomy":"post_tag","embeddable":true,"href":"https:\/\/www.redenoticia.com.br\/noticia\/wp-json\/wp\/v2\/tags?post=90337"}],"curies":[{"name":"wp","href":"https:\/\/api.w.org\/{rel}","templated":true}]}}