{"id":90335,"date":"2016-07-14T10:25:31","date_gmt":"2016-07-14T13:25:31","guid":{"rendered":"http:\/\/www.redenoticia.com.br\/noticia\/?p=90335"},"modified":"2016-07-13T22:26:35","modified_gmt":"2016-07-14T01:26:35","slug":"iea-usp-lanca-programa-para-melhorar-qualidade-de-vida-nas-metropoles","status":"publish","type":"post","link":"https:\/\/www.redenoticia.com.br\/noticia\/2016\/iea-usp-lanca-programa-para-melhorar-qualidade-de-vida-nas-metropoles\/90335","title":{"rendered":"IEA-USP lan\u00e7a programa para melhorar qualidade de vida nas metr\u00f3poles"},"content":{"rendered":"<p> Uma nova iniciativa do IEA-USP tem como objetivo desenhar propostas para a melhoria da qualidade de vida nas regi\u00f5es metropolitanas. O programa \u201c<strong><em>USP Cidades Globais<\/em><\/strong>\u201d ir\u00e1 reunir e articular grupos de pesquisa da Universidade e colaboradores externos para essa finalidade. O projeto foi idealizado pelo diretor do IEA, Paulo Saldiva, a partir de um pedido da reitoria da USP.<\/p>\n<p>As atividades e os resultados dos estudos devem embasar modelos que abranjam diversas esferas da vida nas grandes cidades: mobilidade, polui\u00e7\u00e3o, sa\u00fade, educa\u00e7\u00e3o, uso e ocupa\u00e7\u00e3o do solo, lazer.<\/p>\n<p>Inicialmente, o programa \u00a0ir\u00e1 se concentrar na cidade de S\u00e3o Paulo. Ao reunir pesquisas de diferentes \u00e1reas, espera-se ampliar a vis\u00e3o dos desafios que as cidades enfrentar\u00e3o em um cen\u00e1rio de mudan\u00e7as clim\u00e1ticas e intensa urbaniza\u00e7\u00e3o prevista para este s\u00e9culo. Inspirado nas experi\u00eancias de universidades internacionais, que t\u00eam conseguido transformar seu conhecimento cient\u00edfico em melhorias para a sociedade, o programa ir\u00e1 produzir e divulgar uma vis\u00e3o interdisciplinar sobre a cidade de S\u00e3o Paulo, tanto em publica\u00e7\u00f5es acad\u00eamicas de conte\u00fado inovador como nas m\u00eddias sociais, em exposi\u00e7\u00f5es e interven\u00e7\u00f5es urbanas.<\/p>\n<p>Se der certo, o USP Cidades Globais pode ser adaptado para outras cidades globais brasileiras, como Rio de Janeiro, Curitiba e Porto Alegre, e latino-americanas, como Buenos Aires e Cidade do M\u00e9xico.<\/p>\n<p>USP Cidades Globais<\/p>\n<p>A primeira a\u00e7\u00e3o do programa ser\u00e1 catalogar todas as iniciativas e pesquisadores que desejem integrar o USP Cidades Globais. A partir da\u00ed, as metas ser\u00e3o:<\/p>\n<p>Criar no IEA um foro de discuss\u00e3o interdisciplinar entre os projetos, com encontros intersetoriais abertos \u00e0 participa\u00e7\u00e3o da sociedade, seja presencialmente ou online.<\/p>\n<p>Apresentar a pesquisa interdisciplinar aos criadores de pol\u00edticas p\u00fablicas e ao terceiro setor, com o objetivo de discutir a viabilidade da aplica\u00e7\u00e3o das propostas.<\/p>\n<p>Formar um arcabou\u00e7o intelectual sobre a cidade de S\u00e3o Paulo, por meio da publica\u00e7\u00e3o de artigos acad\u00eamicos originais que embasem cientificamente as a\u00e7\u00f5es sugeridas.<\/p>\n<p>Tornar p\u00fablicos e dispon\u00edveis \u00e0 sociedade todas as sugest\u00f5es e estudos cient\u00edficos produzidos.<\/p>\n<p>Utilizar plataformas culturais para expandir o conhecimento cient\u00edfico produzido, visando a ampliar o p\u00fablico atingido.<\/p>\n<p>Do Portal do Governo do Estado SP<\/p>\n","protected":false},"excerpt":{"rendered":"<p>Uma nova iniciativa do IEA-USP tem como objetivo desenhar propostas para a melhoria da qualidade de vida nas regi\u00f5es metropolitanas. O programa \u201cUSP Cidades Globais\u201d ir\u00e1 reunir e articular grupos de pesquisa da Universidade e colaboradores externos para essa finalidade. O projeto foi idealizado pelo diretor do IEA, Paulo Saldiva, a partir de um pedido [&hellip;]<\/p>\n","protected":false},"author":2,"featured_media":34681,"comment_status":"open","ping_status":"closed","sticky":false,"template":"","format":"standard","meta":{"_genesis_hide_title":false,"_genesis_hide_breadcrumbs":false,"_genesis_hide_singular_image":false,"_genesis_hide_footer_widgets":false,"_genesis_custom_body_class":"","_genesis_custom_post_class":"","_genesis_layout":"","_jetpack_memberships_contains_paid_content":false,"footnotes":""},"categories":[22],"tags":[],"class_list":{"0":"post-90335","1":"post","2":"type-post","3":"status-publish","4":"format-standard","5":"has-post-thumbnail","7":"category-brasil","8":"entry","9":"gs-1","10":"gs-odd","11":"gs-even","12":"gs-featured-content-entry"},"jetpack_featured_media_url":"https:\/\/www.redenoticia.com.br\/noticia\/imagens\/secovi-sp.jpg","jetpack_sharing_enabled":true,"jetpack_likes_enabled":true,"_links":{"self":[{"href":"https:\/\/www.redenoticia.com.br\/noticia\/wp-json\/wp\/v2\/posts\/90335","targetHints":{"allow":["GET"]}}],"collection":[{"href":"https:\/\/www.redenoticia.com.br\/noticia\/wp-json\/wp\/v2\/posts"}],"about":[{"href":"https:\/\/www.redenoticia.com.br\/noticia\/wp-json\/wp\/v2\/types\/post"}],"author":[{"embeddable":true,"href":"https:\/\/www.redenoticia.com.br\/noticia\/wp-json\/wp\/v2\/users\/2"}],"replies":[{"embeddable":true,"href":"https:\/\/www.redenoticia.com.br\/noticia\/wp-json\/wp\/v2\/comments?post=90335"}],"version-history":[{"count":0,"href":"https:\/\/www.redenoticia.com.br\/noticia\/wp-json\/wp\/v2\/posts\/90335\/revisions"}],"wp:featuredmedia":[{"embeddable":true,"href":"https:\/\/www.redenoticia.com.br\/noticia\/wp-json\/wp\/v2\/media\/34681"}],"wp:attachment":[{"href":"https:\/\/www.redenoticia.com.br\/noticia\/wp-json\/wp\/v2\/media?parent=90335"}],"wp:term":[{"taxonomy":"category","embeddable":true,"href":"https:\/\/www.redenoticia.com.br\/noticia\/wp-json\/wp\/v2\/categories?post=90335"},{"taxonomy":"post_tag","embeddable":true,"href":"https:\/\/www.redenoticia.com.br\/noticia\/wp-json\/wp\/v2\/tags?post=90335"}],"curies":[{"name":"wp","href":"https:\/\/api.w.org\/{rel}","templated":true}]}}