{"id":90235,"date":"2016-07-13T10:11:12","date_gmt":"2016-07-13T13:11:12","guid":{"rendered":"http:\/\/www.redenoticia.com.br\/noticia\/?p=90235"},"modified":"2016-07-12T19:05:34","modified_gmt":"2016-07-12T22:05:34","slug":"procura-do-consumidor-por-credito-cresce-32-no-primeiro-semestre","status":"publish","type":"post","link":"https:\/\/www.redenoticia.com.br\/noticia\/2016\/procura-do-consumidor-por-credito-cresce-32-no-primeiro-semestre\/90235","title":{"rendered":"Procura do consumidor por cr\u00e9dito cresce 3,2% no primeiro semestre"},"content":{"rendered":"<p> Em todo o pa\u00eds, o total de pessoas que buscou <strong><em>cr\u00e9dito<\/em><\/strong> em junho cresceu 2,1% em rela\u00e7\u00e3o a maio. \u00c9 o que diz o indicador de Demanda do Consumidor por Cr\u00e9dito, da empresa Serasa Experian. Com o resultado, a procura fechou o primeiro semestre com alta de 3,2% em rela\u00e7\u00e3o ao primeiro semestre de 2015.<\/p>\n<p>Para os que ganham menos de R$ 1 mil por m\u00eas, houve alta de 1,6% na demanda por cr\u00e9dito em junho, na compara\u00e7\u00e3o com maio. A faixa de renda entre R$ 1 mil e R$ 2 mil apresentou alta de 2,4%. Aqueles que recebem de R$ 2 mil a R$ 5 mil mensais tiveram alta de 2,9%. A faixa de renda entre R$ 5 mil e R$ 10 mil por m\u00eas acusou aumento de 3,5%. Para aqueles que ganham mais de R$ 10 mil mensais, houve alta de 3% .<\/p>\n<p>Na compara\u00e7\u00e3o por regi\u00f5es do pa\u00eds, apenas o Centro-Oeste registrou queda de 0,2%. Houve crescimento na procura do consumidor por cr\u00e9dito nas regi\u00f5es Norte (1,6%), Nordeste (1,4%), Sul (4,9%) e Sudeste (1,9%).<\/p>\n<p>Segundo economistas da Serasa Experian, apesar de positiva, a alta de 3,2% da demanda do consumidor por cr\u00e9dito no primeiro semestre deste ano denota enfraquecimento, devido \u00e0 queda em rela\u00e7\u00e3o ao mesmo per\u00edodo no ano passado. \u201cJuros altos, o aumento do desemprego e a confian\u00e7a reprimida dos consumidores diminu\u00edram o \u00edmpeto dos consumidores a procurar cr\u00e9dito neste primeiro semestre de 2016\u201d, informa a nota.<\/p>\n<p>Fernanda Cruz \u2013 Rep\u00f3rter da Ag\u00eancia Brasil<br \/>\nEdi\u00e7\u00e3o: Kleber Sampaio<br \/>\n13\/07\/2016 <\/p>\n","protected":false},"excerpt":{"rendered":"<p>Em todo o pa\u00eds, o total de pessoas que buscou cr\u00e9dito em junho cresceu 2,1% em rela\u00e7\u00e3o a maio. \u00c9 o que diz o indicador de Demanda do Consumidor por Cr\u00e9dito, da empresa Serasa Experian. Com o resultado, a procura fechou o primeiro semestre com alta de 3,2% em rela\u00e7\u00e3o ao primeiro semestre de 2015. [&hellip;]<\/p>\n","protected":false},"author":2,"featured_media":40734,"comment_status":"open","ping_status":"closed","sticky":false,"template":"","format":"standard","meta":{"_genesis_hide_title":false,"_genesis_hide_breadcrumbs":false,"_genesis_hide_singular_image":false,"_genesis_hide_footer_widgets":false,"_genesis_custom_body_class":"","_genesis_custom_post_class":"","_genesis_layout":"","_jetpack_memberships_contains_paid_content":false,"footnotes":""},"categories":[22,7],"tags":[],"class_list":{"0":"post-90235","1":"post","2":"type-post","3":"status-publish","4":"format-standard","5":"has-post-thumbnail","7":"category-brasil","8":"category-economia","9":"entry","10":"gs-1","11":"gs-odd","12":"gs-even","13":"gs-featured-content-entry"},"jetpack_featured_media_url":"https:\/\/www.redenoticia.com.br\/noticia\/imagens\/economia-resultados.jpg","jetpack_sharing_enabled":true,"jetpack_likes_enabled":true,"_links":{"self":[{"href":"https:\/\/www.redenoticia.com.br\/noticia\/wp-json\/wp\/v2\/posts\/90235","targetHints":{"allow":["GET"]}}],"collection":[{"href":"https:\/\/www.redenoticia.com.br\/noticia\/wp-json\/wp\/v2\/posts"}],"about":[{"href":"https:\/\/www.redenoticia.com.br\/noticia\/wp-json\/wp\/v2\/types\/post"}],"author":[{"embeddable":true,"href":"https:\/\/www.redenoticia.com.br\/noticia\/wp-json\/wp\/v2\/users\/2"}],"replies":[{"embeddable":true,"href":"https:\/\/www.redenoticia.com.br\/noticia\/wp-json\/wp\/v2\/comments?post=90235"}],"version-history":[{"count":0,"href":"https:\/\/www.redenoticia.com.br\/noticia\/wp-json\/wp\/v2\/posts\/90235\/revisions"}],"wp:featuredmedia":[{"embeddable":true,"href":"https:\/\/www.redenoticia.com.br\/noticia\/wp-json\/wp\/v2\/media\/40734"}],"wp:attachment":[{"href":"https:\/\/www.redenoticia.com.br\/noticia\/wp-json\/wp\/v2\/media?parent=90235"}],"wp:term":[{"taxonomy":"category","embeddable":true,"href":"https:\/\/www.redenoticia.com.br\/noticia\/wp-json\/wp\/v2\/categories?post=90235"},{"taxonomy":"post_tag","embeddable":true,"href":"https:\/\/www.redenoticia.com.br\/noticia\/wp-json\/wp\/v2\/tags?post=90235"}],"curies":[{"name":"wp","href":"https:\/\/api.w.org\/{rel}","templated":true}]}}