{"id":90233,"date":"2016-07-13T10:10:03","date_gmt":"2016-07-13T13:10:03","guid":{"rendered":"http:\/\/www.redenoticia.com.br\/noticia\/?p=90233"},"modified":"2016-07-12T19:04:08","modified_gmt":"2016-07-12T22:04:08","slug":"anac-reajusta-tarifas-dos-aeroportos-de-cumbica-e-viracopos","status":"publish","type":"post","link":"https:\/\/www.redenoticia.com.br\/noticia\/2016\/anac-reajusta-tarifas-dos-aeroportos-de-cumbica-e-viracopos\/90233","title":{"rendered":"Anac reajusta tarifas dos aeroportos de Cumbica e Viracopos"},"content":{"rendered":"<p> A Ag\u00eancia Nacional de Avia\u00e7\u00e3o Civil (Anac) reajustou as <strong><em>tarifas aeroportu\u00e1rias<\/em><\/strong> de Cumbica (Guarulhos) e de Viracopos (Campinas). A decis\u00e3o foi publicada no Di\u00e1rio Oficial da Uni\u00e3o.<\/p>\n<p>O teto das tarifas de embarque e de conex\u00e3o de passageiros e de pouso e de perman\u00eancia das aeronaves foi reajustado em 9,4369% em Guarulhos e em 7,8873% em Campinas. J\u00e1 para a armazenagem e movimenta\u00e7\u00e3o de cargas, o reajuste m\u00e1ximo a ser aplicado \u00e9 de 8,8437% em ambos os aeroportos.<\/p>\n<p>Com isso, a tarifa m\u00e1xima para embarque dom\u00e9stico passar\u00e1 de R$ 26,16 para R$ 28,63 no Aeroporto de Cumbica e de R$ 25,64 para R$ 27,67 em Viracopos. J\u00e1 as tarifas de embarque internacional subir\u00e3o de R$ 106,40 para R$ 110,78 em Guarulhos e de R$ 105,48 para R$ 109,05 em Campinas.<\/p>\n<p>Segundo a ag\u00eancia, as novas tarifas poder\u00e3o ser aplicadas 30 dias ap\u00f3s a divulga\u00e7\u00e3o do reajuste pelas concession\u00e1rias.<\/p>\n<p>Elaine Patricia Cruz \u2013 Rep\u00f3rter da Ag\u00eancia Brasil<br \/>\nEdi\u00e7\u00e3o: Juliana Andrade<br \/>\n13\/07\/2016<br \/>\n&#8212;<br \/>\nA Empresa Brasil de Comunica\u00e7\u00e3o \u00e9 uma institui\u00e7\u00e3o da democracia brasileira: p\u00fablica, inclusiva e cidad\u00e3.  Criada em 2007 para fortalecer o sistema p\u00fablico de comunica\u00e7\u00e3o, \u00e9 gestora dos canais TV Brasil, TV Brasil Internacional, Ag\u00eancia Brasil, Radioag\u00eancia Nacional e do sistema p\u00fablico de R\u00e1dio \u2013 composto por oito emissoras. Estes, por sua independ\u00eancia editorial, distinguem-se dos canais estatais ou governamentais, com conte\u00fados diferenciados e complementares aos canais privados. Os ve\u00edculos da EBC t\u00eam autonomia para definir produ\u00e7\u00e3o, programa\u00e7\u00e3o e distribui\u00e7\u00e3o de conte\u00fados.<\/p>\n","protected":false},"excerpt":{"rendered":"<p>A Ag\u00eancia Nacional de Avia\u00e7\u00e3o Civil (Anac) reajustou as tarifas aeroportu\u00e1rias de Cumbica (Guarulhos) e de Viracopos (Campinas). A decis\u00e3o foi publicada no Di\u00e1rio Oficial da Uni\u00e3o. O teto das tarifas de embarque e de conex\u00e3o de passageiros e de pouso e de perman\u00eancia das aeronaves foi reajustado em 9,4369% em Guarulhos e em 7,8873% [&hellip;]<\/p>\n","protected":false},"author":2,"featured_media":57584,"comment_status":"open","ping_status":"closed","sticky":false,"template":"","format":"standard","meta":{"_genesis_hide_title":false,"_genesis_hide_breadcrumbs":false,"_genesis_hide_singular_image":false,"_genesis_hide_footer_widgets":false,"_genesis_custom_body_class":"","_genesis_custom_post_class":"","_genesis_layout":"","_jetpack_memberships_contains_paid_content":false,"footnotes":""},"categories":[22,7],"tags":[],"class_list":{"0":"post-90233","1":"post","2":"type-post","3":"status-publish","4":"format-standard","5":"has-post-thumbnail","7":"category-brasil","8":"category-economia","9":"entry","10":"gs-1","11":"gs-odd","12":"gs-even","13":"gs-featured-content-entry"},"jetpack_featured_media_url":"https:\/\/www.redenoticia.com.br\/noticia\/imagens\/economia-grafica-analise-inflacao.jpg","jetpack_sharing_enabled":true,"jetpack_likes_enabled":true,"_links":{"self":[{"href":"https:\/\/www.redenoticia.com.br\/noticia\/wp-json\/wp\/v2\/posts\/90233","targetHints":{"allow":["GET"]}}],"collection":[{"href":"https:\/\/www.redenoticia.com.br\/noticia\/wp-json\/wp\/v2\/posts"}],"about":[{"href":"https:\/\/www.redenoticia.com.br\/noticia\/wp-json\/wp\/v2\/types\/post"}],"author":[{"embeddable":true,"href":"https:\/\/www.redenoticia.com.br\/noticia\/wp-json\/wp\/v2\/users\/2"}],"replies":[{"embeddable":true,"href":"https:\/\/www.redenoticia.com.br\/noticia\/wp-json\/wp\/v2\/comments?post=90233"}],"version-history":[{"count":0,"href":"https:\/\/www.redenoticia.com.br\/noticia\/wp-json\/wp\/v2\/posts\/90233\/revisions"}],"wp:featuredmedia":[{"embeddable":true,"href":"https:\/\/www.redenoticia.com.br\/noticia\/wp-json\/wp\/v2\/media\/57584"}],"wp:attachment":[{"href":"https:\/\/www.redenoticia.com.br\/noticia\/wp-json\/wp\/v2\/media?parent=90233"}],"wp:term":[{"taxonomy":"category","embeddable":true,"href":"https:\/\/www.redenoticia.com.br\/noticia\/wp-json\/wp\/v2\/categories?post=90233"},{"taxonomy":"post_tag","embeddable":true,"href":"https:\/\/www.redenoticia.com.br\/noticia\/wp-json\/wp\/v2\/tags?post=90233"}],"curies":[{"name":"wp","href":"https:\/\/api.w.org\/{rel}","templated":true}]}}