{"id":90227,"date":"2016-07-13T10:06:42","date_gmt":"2016-07-13T13:06:42","guid":{"rendered":"http:\/\/www.redenoticia.com.br\/noticia\/?p=90227"},"modified":"2016-07-12T18:58:04","modified_gmt":"2016-07-12T21:58:04","slug":"olimpiadas-ministerio-da-saude-renova-portal-com-informacoes-para-turistas","status":"publish","type":"post","link":"https:\/\/www.redenoticia.com.br\/noticia\/2016\/olimpiadas-ministerio-da-saude-renova-portal-com-informacoes-para-turistas\/90227","title":{"rendered":"Olimp\u00edadas: Minist\u00e9rio da Sa\u00fade renova portal com informa\u00e7\u00f5es para turistas"},"content":{"rendered":"<p> O Minist\u00e9rio da Sa\u00fade renovou o portal Sa\u00fade do Viajante para tornar a linguagem mais acess\u00edvel para o turista que vier ao Brasil, visando o per\u00edodo das <strong><em>Olimp\u00edadas<\/em><\/strong> em agosto. Dispon\u00edvel em portugu\u00eas, ingl\u00eas e espanhol, a p\u00e1gina traz informa\u00e7\u00f5es sobre como prevenir o v\u00edrus Zika, que vacinas tomar antes de vir ao Brasil e cuidados com alimenta\u00e7\u00e3o e com o clima.<\/p>\n<p>Para os turistas que ir\u00e3o ao Rio de Janeiro durante as Olimp\u00edadas, o Sa\u00fade do Viajante traz o local das unidades de Pronto Atendimento UPA 24h da cidade. Para outros estados, o viajante pode encontrar o servi\u00e7o de sa\u00fade mais pr\u00f3ximo pelo aplicativo Guardi\u00f5es da Sa\u00fade. O portal tamb\u00e9m traz n\u00fameros de emerg\u00eancia a serem usados no pa\u00eds. Apesar de a renova\u00e7\u00e3o ter sido devido \u00e0s Olimp\u00edadas, depois dos Jogos o portal continuar\u00e1 no ar.<\/p>\n<p>A ideia \u00e9 que o turista j\u00e1 saia do seu local de origem sabendo da s\u00e9rie de cuidados gerais que devem ter antes da viagem, no avi\u00e3o e no destino. Dentre as orienta\u00e7\u00f5es est\u00e1 procurar um m\u00e9dico entre quatro e oito semanas antes de viajar, para solicitar informa\u00e7\u00f5es sobre cuidados de preven\u00e7\u00e3o de doen\u00e7as e les\u00f5es. J\u00e1 quem precisa usar medicamentos durante a viagem precisa portar a prescri\u00e7\u00e3o m\u00e9dica e levar quantidade suficiente para todo o per\u00edodo.<\/p>\n<p>Aline Leal &#8211; Rep\u00f3rter da Ag\u00eancia Brasil<br \/>\nEdi\u00e7\u00e3o: F\u00e1bio Massalli<br \/>\n13\/07\/2016<\/p>\n","protected":false},"excerpt":{"rendered":"<p>O Minist\u00e9rio da Sa\u00fade renovou o portal Sa\u00fade do Viajante para tornar a linguagem mais acess\u00edvel para o turista que vier ao Brasil, visando o per\u00edodo das Olimp\u00edadas em agosto. Dispon\u00edvel em portugu\u00eas, ingl\u00eas e espanhol, a p\u00e1gina traz informa\u00e7\u00f5es sobre como prevenir o v\u00edrus Zika, que vacinas tomar antes de vir ao Brasil e [&hellip;]<\/p>\n","protected":false},"author":2,"featured_media":39880,"comment_status":"open","ping_status":"closed","sticky":false,"template":"","format":"standard","meta":{"_genesis_hide_title":false,"_genesis_hide_breadcrumbs":false,"_genesis_hide_singular_image":false,"_genesis_hide_footer_widgets":false,"_genesis_custom_body_class":"","_genesis_custom_post_class":"","_genesis_layout":"","_jetpack_memberships_contains_paid_content":false,"footnotes":""},"categories":[22],"tags":[],"class_list":{"0":"post-90227","1":"post","2":"type-post","3":"status-publish","4":"format-standard","5":"has-post-thumbnail","7":"category-brasil","8":"entry","9":"gs-1","10":"gs-odd","11":"gs-even","12":"gs-featured-content-entry"},"jetpack_featured_media_url":"https:\/\/www.redenoticia.com.br\/noticia\/imagens\/olimpiadas.jpg","jetpack_sharing_enabled":true,"jetpack_likes_enabled":true,"_links":{"self":[{"href":"https:\/\/www.redenoticia.com.br\/noticia\/wp-json\/wp\/v2\/posts\/90227","targetHints":{"allow":["GET"]}}],"collection":[{"href":"https:\/\/www.redenoticia.com.br\/noticia\/wp-json\/wp\/v2\/posts"}],"about":[{"href":"https:\/\/www.redenoticia.com.br\/noticia\/wp-json\/wp\/v2\/types\/post"}],"author":[{"embeddable":true,"href":"https:\/\/www.redenoticia.com.br\/noticia\/wp-json\/wp\/v2\/users\/2"}],"replies":[{"embeddable":true,"href":"https:\/\/www.redenoticia.com.br\/noticia\/wp-json\/wp\/v2\/comments?post=90227"}],"version-history":[{"count":0,"href":"https:\/\/www.redenoticia.com.br\/noticia\/wp-json\/wp\/v2\/posts\/90227\/revisions"}],"wp:featuredmedia":[{"embeddable":true,"href":"https:\/\/www.redenoticia.com.br\/noticia\/wp-json\/wp\/v2\/media\/39880"}],"wp:attachment":[{"href":"https:\/\/www.redenoticia.com.br\/noticia\/wp-json\/wp\/v2\/media?parent=90227"}],"wp:term":[{"taxonomy":"category","embeddable":true,"href":"https:\/\/www.redenoticia.com.br\/noticia\/wp-json\/wp\/v2\/categories?post=90227"},{"taxonomy":"post_tag","embeddable":true,"href":"https:\/\/www.redenoticia.com.br\/noticia\/wp-json\/wp\/v2\/tags?post=90227"}],"curies":[{"name":"wp","href":"https:\/\/api.w.org\/{rel}","templated":true}]}}