{"id":90158,"date":"2016-07-12T10:54:55","date_gmt":"2016-07-12T13:54:55","guid":{"rendered":"http:\/\/www.redenoticia.com.br\/noticia\/?p=90158"},"modified":"2016-07-11T19:55:40","modified_gmt":"2016-07-11T22:55:40","slug":"igp-m-desacelera-na-primeira-previa-de-julho","status":"publish","type":"post","link":"https:\/\/www.redenoticia.com.br\/noticia\/2016\/igp-m-desacelera-na-primeira-previa-de-julho\/90158","title":{"rendered":"IGP-M desacelera na primeira pr\u00e9via de julho"},"content":{"rendered":"<p> O \u00cdndice Geral de Pre\u00e7os &#8211; Mercado (<strong><em>IGP-M<\/em><\/strong>) registrou varia\u00e7\u00e3o de 0,55% na primeira pr\u00e9via de julho. Houve desacelera\u00e7\u00e3o em rela\u00e7\u00e3o ao mesmo per\u00edodo do m\u00eas anterior, quando a taxa foi de 1,12%. O IGP-M \u00e9 usado para reajustar contratos de alugu\u00e9is. Os dados s\u00e3o da Funda\u00e7\u00e3o Getulio Vargas (FGV).<\/p>\n<p>O \u00cdndice de Pre\u00e7os ao Produtor Amplo acusou varia\u00e7\u00e3o de 0,47% na primeira pr\u00e9via de julho. No mesmo per\u00edodo do m\u00eas de junho, o \u00edndice variou 1,55%. A taxa de varia\u00e7\u00e3o do \u00edndice referente a bens finais passou de 0,32% para 2,27%. O \u00edndice de bens intermedi\u00e1rios variou 0,68%, ante 1,37% no m\u00eas anterior.<\/p>\n<p>O \u00edndice referente a mat\u00e9rias-primas brutas teve varia\u00e7\u00e3o de -1,84%. No m\u00eas anterior, a taxa foi de 3,21%. Entre os itens com taxas em trajet\u00f3ria decrescente, destacam-se soja em gr\u00e3o (8,77% para -0,55%), milho em gr\u00e3o (6,05% para -8,99%) e min\u00e9rio de ferro (1,36% para -10,42%). Em sentido oposto, figuram a mandioca (-3,83% para 4,34%), aves (-0,92% para 3,68%) e bovinos (-0,36% para 0,87%).<\/p>\n<p>O \u00cdndice de Pre\u00e7os ao Consumidor (IPC) apresentou taxa de varia\u00e7\u00e3o de 0,28% na pr\u00e9via de julho. No mesmo per\u00edodo do m\u00eas anterior, a taxa foi de 0,35%. Cinco das oito classes de despesa do \u00edndice registraram decr\u00e9scimo, com destaque para habita\u00e7\u00e3o (0,63% para 0,25%).<\/p>\n<p>Queda<\/p>\n<p>Tamb\u00e9m apresentaram decr\u00e9scimo os grupos vestu\u00e1rio (1,06% para 0,21%), despesas diversas (1,47% para 0,45%), sa\u00fade e cuidados pessoais (0,83% para 0,63%) e comunica\u00e7\u00e3o (0,17% para 0,00%). Nestas classes de despesa, destacam-se roupas (1,30% para -0,01%), cigarros (2,74% para -0,17%), medicamentos em geral (0,82% para -0,21%) e mensalidade para internet (2,40% para -0,30%).<\/p>\n<p>Apresentaram acr\u00e9scimo os grupos alimenta\u00e7\u00e3o (0,11% para 0,32%), educa\u00e7\u00e3o, leitura e recrea\u00e7\u00e3o (0,07% para 0,63%) e transportes (-0,28% para -0,11%). Nestas classes de despesa, os itens que merecem destaque s\u00e3o: latic\u00ednios (2,08% para 5,34%), passagem a\u00e9rea (-3,97% para 21,31%) e tarifa de \u00f4nibus urbano (-0,48% para 0,61%).<\/p>\n<p>O \u00cdndice Nacional de Custo da Constru\u00e7\u00e3o teve varia\u00e7\u00e3o de 1,69% na primeira pr\u00e9via de julho. No m\u00eas anterior, ele havia apresentado taxa de varia\u00e7\u00e3o de 0,08%. O \u00edndice relativo a materiais, equipamentos e servi\u00e7os registrou varia\u00e7\u00e3o de 0,15%. No m\u00eas anterior, a taxa foi de 0,16%.<\/p>\n<p>Fernanda Cruz \u2013 Rep\u00f3rter da Ag\u00eancia Brasil<br \/>\nEdi\u00e7\u00e3o: Kleber Sampaio<br \/>\n12\/07\/2016<\/p>\n","protected":false},"excerpt":{"rendered":"<p>O \u00cdndice Geral de Pre\u00e7os &#8211; Mercado (IGP-M) registrou varia\u00e7\u00e3o de 0,55% na primeira pr\u00e9via de julho. Houve desacelera\u00e7\u00e3o em rela\u00e7\u00e3o ao mesmo per\u00edodo do m\u00eas anterior, quando a taxa foi de 1,12%. O IGP-M \u00e9 usado para reajustar contratos de alugu\u00e9is. Os dados s\u00e3o da Funda\u00e7\u00e3o Getulio Vargas (FGV). O \u00cdndice de Pre\u00e7os ao [&hellip;]<\/p>\n","protected":false},"author":2,"featured_media":57583,"comment_status":"open","ping_status":"closed","sticky":false,"template":"","format":"standard","meta":{"_genesis_hide_title":false,"_genesis_hide_breadcrumbs":false,"_genesis_hide_singular_image":false,"_genesis_hide_footer_widgets":false,"_genesis_custom_body_class":"","_genesis_custom_post_class":"","_genesis_layout":"","_jetpack_memberships_contains_paid_content":false,"footnotes":""},"categories":[22,7],"tags":[],"class_list":{"0":"post-90158","1":"post","2":"type-post","3":"status-publish","4":"format-standard","5":"has-post-thumbnail","7":"category-brasil","8":"category-economia","9":"entry","10":"gs-1","11":"gs-odd","12":"gs-even","13":"gs-featured-content-entry"},"jetpack_featured_media_url":"https:\/\/www.redenoticia.com.br\/noticia\/imagens\/economia-grafico.jpg","jetpack_sharing_enabled":true,"jetpack_likes_enabled":true,"_links":{"self":[{"href":"https:\/\/www.redenoticia.com.br\/noticia\/wp-json\/wp\/v2\/posts\/90158","targetHints":{"allow":["GET"]}}],"collection":[{"href":"https:\/\/www.redenoticia.com.br\/noticia\/wp-json\/wp\/v2\/posts"}],"about":[{"href":"https:\/\/www.redenoticia.com.br\/noticia\/wp-json\/wp\/v2\/types\/post"}],"author":[{"embeddable":true,"href":"https:\/\/www.redenoticia.com.br\/noticia\/wp-json\/wp\/v2\/users\/2"}],"replies":[{"embeddable":true,"href":"https:\/\/www.redenoticia.com.br\/noticia\/wp-json\/wp\/v2\/comments?post=90158"}],"version-history":[{"count":0,"href":"https:\/\/www.redenoticia.com.br\/noticia\/wp-json\/wp\/v2\/posts\/90158\/revisions"}],"wp:featuredmedia":[{"embeddable":true,"href":"https:\/\/www.redenoticia.com.br\/noticia\/wp-json\/wp\/v2\/media\/57583"}],"wp:attachment":[{"href":"https:\/\/www.redenoticia.com.br\/noticia\/wp-json\/wp\/v2\/media?parent=90158"}],"wp:term":[{"taxonomy":"category","embeddable":true,"href":"https:\/\/www.redenoticia.com.br\/noticia\/wp-json\/wp\/v2\/categories?post=90158"},{"taxonomy":"post_tag","embeddable":true,"href":"https:\/\/www.redenoticia.com.br\/noticia\/wp-json\/wp\/v2\/tags?post=90158"}],"curies":[{"name":"wp","href":"https:\/\/api.w.org\/{rel}","templated":true}]}}