{"id":90156,"date":"2016-07-12T10:53:58","date_gmt":"2016-07-12T13:53:58","guid":{"rendered":"http:\/\/www.redenoticia.com.br\/noticia\/?p=90156"},"modified":"2016-07-11T19:54:51","modified_gmt":"2016-07-11T22:54:51","slug":"mercado-reduz-estimativas-para-inflacao-e-queda-no-pib-este-ano","status":"publish","type":"post","link":"https:\/\/www.redenoticia.com.br\/noticia\/2016\/mercado-reduz-estimativas-para-inflacao-e-queda-no-pib-este-ano\/90156","title":{"rendered":"Mercado reduz estimativas para infla\u00e7\u00e3o e queda no PIB este ano"},"content":{"rendered":"<p> A proje\u00e7\u00e3o de institui\u00e7\u00f5es financeiras para a <strong><em>infla\u00e7\u00e3o<\/em><\/strong>, medida pelo \u00cdndice Nacional de Pre\u00e7os ao Consumidor Amplo (IPCA), foi levemente reduzida ao passar de 7,27% para 7,26%. Essa foi a segunda semana seguida em que houve redu\u00e7\u00e3o na estimativa. Para 2017, a proje\u00e7\u00e3o tamb\u00e9m caiu, ao passar de 5,43% para 5,40%, no segundo ajuste consecutivo. As proje\u00e7\u00f5es fazem parte de pesquisa feita todas as semanas pelo Banco Central (BC).<\/p>\n<p>As estimativas est\u00e3o distantes do centro da meta de infla\u00e7\u00e3o, de 4,5%. O limite superior da meta de infla\u00e7\u00e3o \u00e9 6,5%, este ano, e 6% em 2017. Portanto, pelas expectativas das institui\u00e7\u00f5es financeiras, a infla\u00e7\u00e3o vai estourar o teto da meta, este ano.<\/p>\n<p>\u00c9 fun\u00e7\u00e3o do BC fazer com que a infla\u00e7\u00e3o fique dentro da meta. Um dos instrumentos usados para influenciar a atividade econ\u00f4mica e, consequentemente, a infla\u00e7\u00e3o, \u00e9 a taxa b\u00e1sica de juros, a Selic.<\/p>\n<p>Quando o Comit\u00ea de Pol\u00edtica Monet\u00e1ria (Copom) do Banco Central aumenta a Selic, o objetivo \u00e9 conter a demanda aquecida, e isso reflete nos pre\u00e7os, pois os juros mais altos encarecem o cr\u00e9dito e estimulam a poupan\u00e7a. J\u00e1 quando o Copom reduz os juros b\u00e1sicos, a tend\u00eancia \u00e9 que o cr\u00e9dito fique mais barato, com incentivo \u00e0 produ\u00e7\u00e3o e ao consumo, mas a medida alivia o controle da infla\u00e7\u00e3o.<\/p>\n<p>Selic<\/p>\n<p>O BC tem que encontrar equil\u00edbrio ao tomar decis\u00f5es sobre a taxa b\u00e1sica de juros, de modo a fazer com que a infla\u00e7\u00e3o fique dentro da meta estabelecida pelo Conselho Monet\u00e1rio Nacional. Atualmente, a Selic est\u00e1 em 14,25% ao ano.<\/p>\n<p>A expectativa das institui\u00e7\u00f5es financeiras para a taxa segue em 13,25% ao ano, ao final de 2016, e em 11% ao ano, no fim de 2017.<\/p>\n<p>PIB<\/p>\n<p>A estimativa de institui\u00e7\u00f5es financeiras para a queda do Produto Interno Bruto (PIB), soma de todos os bens e servi\u00e7os produzidos no pa\u00eds, foi reduzida de 3,35% para 3,30%, neste ano. Para 2017, a estimativa de crescimento \u00e9 mantida em 1%, h\u00e1 quatro semanas.<\/p>\n<p>D\u00f3lar<\/p>\n<p>A proje\u00e7\u00e3o para a cota\u00e7\u00e3o do d\u00f3lar foi alterada de R$ 3,46 para R$ 3,40, ao final deste ano, e de R$ 3,70 para 3,55, no fim de 2017.<\/p>\n<p>Kelly Oliveira \u2013 Rep\u00f3rter da Ag\u00eancia Brasil<br \/>\nEdi\u00e7\u00e3o: Talita Cavalcante<br \/>\n12\/07\/2016<\/p>\n","protected":false},"excerpt":{"rendered":"<p>A proje\u00e7\u00e3o de institui\u00e7\u00f5es financeiras para a infla\u00e7\u00e3o, medida pelo \u00cdndice Nacional de Pre\u00e7os ao Consumidor Amplo (IPCA), foi levemente reduzida ao passar de 7,27% para 7,26%. Essa foi a segunda semana seguida em que houve redu\u00e7\u00e3o na estimativa. Para 2017, a proje\u00e7\u00e3o tamb\u00e9m caiu, ao passar de 5,43% para 5,40%, no segundo ajuste consecutivo. [&hellip;]<\/p>\n","protected":false},"author":2,"featured_media":57584,"comment_status":"open","ping_status":"closed","sticky":false,"template":"","format":"standard","meta":{"_genesis_hide_title":false,"_genesis_hide_breadcrumbs":false,"_genesis_hide_singular_image":false,"_genesis_hide_footer_widgets":false,"_genesis_custom_body_class":"","_genesis_custom_post_class":"","_genesis_layout":"","_jetpack_memberships_contains_paid_content":false,"footnotes":""},"categories":[22,7],"tags":[],"class_list":{"0":"post-90156","1":"post","2":"type-post","3":"status-publish","4":"format-standard","5":"has-post-thumbnail","7":"category-brasil","8":"category-economia","9":"entry","10":"gs-1","11":"gs-odd","12":"gs-even","13":"gs-featured-content-entry"},"jetpack_featured_media_url":"https:\/\/www.redenoticia.com.br\/noticia\/imagens\/economia-grafica-analise-inflacao.jpg","jetpack_sharing_enabled":true,"jetpack_likes_enabled":true,"_links":{"self":[{"href":"https:\/\/www.redenoticia.com.br\/noticia\/wp-json\/wp\/v2\/posts\/90156","targetHints":{"allow":["GET"]}}],"collection":[{"href":"https:\/\/www.redenoticia.com.br\/noticia\/wp-json\/wp\/v2\/posts"}],"about":[{"href":"https:\/\/www.redenoticia.com.br\/noticia\/wp-json\/wp\/v2\/types\/post"}],"author":[{"embeddable":true,"href":"https:\/\/www.redenoticia.com.br\/noticia\/wp-json\/wp\/v2\/users\/2"}],"replies":[{"embeddable":true,"href":"https:\/\/www.redenoticia.com.br\/noticia\/wp-json\/wp\/v2\/comments?post=90156"}],"version-history":[{"count":0,"href":"https:\/\/www.redenoticia.com.br\/noticia\/wp-json\/wp\/v2\/posts\/90156\/revisions"}],"wp:featuredmedia":[{"embeddable":true,"href":"https:\/\/www.redenoticia.com.br\/noticia\/wp-json\/wp\/v2\/media\/57584"}],"wp:attachment":[{"href":"https:\/\/www.redenoticia.com.br\/noticia\/wp-json\/wp\/v2\/media?parent=90156"}],"wp:term":[{"taxonomy":"category","embeddable":true,"href":"https:\/\/www.redenoticia.com.br\/noticia\/wp-json\/wp\/v2\/categories?post=90156"},{"taxonomy":"post_tag","embeddable":true,"href":"https:\/\/www.redenoticia.com.br\/noticia\/wp-json\/wp\/v2\/tags?post=90156"}],"curies":[{"name":"wp","href":"https:\/\/api.w.org\/{rel}","templated":true}]}}