{"id":90154,"date":"2016-07-12T10:53:12","date_gmt":"2016-07-12T13:53:12","guid":{"rendered":"http:\/\/www.redenoticia.com.br\/noticia\/?p=90154"},"modified":"2016-07-11T19:53:55","modified_gmt":"2016-07-11T22:53:55","slug":"procuradoria-geral-da-republica-cria-gabinete-de-crise-para-a-olimpiada","status":"publish","type":"post","link":"https:\/\/www.redenoticia.com.br\/noticia\/2016\/procuradoria-geral-da-republica-cria-gabinete-de-crise-para-a-olimpiada\/90154","title":{"rendered":"Procuradoria-Geral da Rep\u00fablica cria gabinete de crise para a Olimp\u00edada"},"content":{"rendered":"<p> A Procuradoria-Geral da Rep\u00fablica (PGR) criou um gabinete de crise e um grupo de apoio para a <strong><em>Olimp\u00edada Rio 2016<\/em><\/strong>, que v\u00e3o atuar at\u00e9 31 de agosto. A portaria com a medida foi publicada no Di\u00e1rio Oficial da Uni\u00e3o.<\/p>\n<p>O gabinete de crise ser\u00e1 coordenado pelo procurador-geral da Rep\u00fablica, Rodrigo Janot, e ser\u00e1 integrado pelos procuradores-gerais de Justi\u00e7a do Minist\u00e9rio P\u00fablico do Distrito Federal e Territ\u00f3rios, do Minist\u00e9rio P\u00fablico Militar e dos Minist\u00e9rios P\u00fablicos dos estados em que haver\u00e1 eventos da Olimp\u00edada.<\/p>\n<p>Tamb\u00e9m participar\u00e1 um integrante do Conselho Nacional do Minist\u00e9rio P\u00fablico. O ministro da Justi\u00e7a, Alexandre de Moraes, far\u00e1 parte do gabinete como convidado.<\/p>\n<p>Da Ag\u00eancia Brasil<br \/>\nEdi\u00e7\u00e3o: Kleber Sampaio<br \/>\n12\/07\/2016<br \/>\n&#8212;<br \/>\nA Empresa Brasil de Comunica\u00e7\u00e3o \u00e9 uma institui\u00e7\u00e3o da democracia brasileira: p\u00fablica, inclusiva e cidad\u00e3.  Criada em 2007 para fortalecer o sistema p\u00fablico de comunica\u00e7\u00e3o, \u00e9 gestora dos canais TV Brasil, TV Brasil Internacional, Ag\u00eancia Brasil, Radioag\u00eancia Nacional e do sistema p\u00fablico de R\u00e1dio \u2013 composto por oito emissoras. Estes, por sua independ\u00eancia editorial, distinguem-se dos canais estatais ou governamentais, com conte\u00fados diferenciados e complementares aos canais privados. Os ve\u00edculos da EBC t\u00eam autonomia para definir produ\u00e7\u00e3o, programa\u00e7\u00e3o e distribui\u00e7\u00e3o de conte\u00fados.<\/p>\n","protected":false},"excerpt":{"rendered":"<p>A Procuradoria-Geral da Rep\u00fablica (PGR) criou um gabinete de crise e um grupo de apoio para a Olimp\u00edada Rio 2016, que v\u00e3o atuar at\u00e9 31 de agosto. A portaria com a medida foi publicada no Di\u00e1rio Oficial da Uni\u00e3o. O gabinete de crise ser\u00e1 coordenado pelo procurador-geral da Rep\u00fablica, Rodrigo Janot, e ser\u00e1 integrado pelos [&hellip;]<\/p>\n","protected":false},"author":2,"featured_media":39880,"comment_status":"open","ping_status":"closed","sticky":false,"template":"","format":"standard","meta":{"_genesis_hide_title":false,"_genesis_hide_breadcrumbs":false,"_genesis_hide_singular_image":false,"_genesis_hide_footer_widgets":false,"_genesis_custom_body_class":"","_genesis_custom_post_class":"","_genesis_layout":"","_jetpack_memberships_contains_paid_content":false,"footnotes":""},"categories":[22],"tags":[],"class_list":{"0":"post-90154","1":"post","2":"type-post","3":"status-publish","4":"format-standard","5":"has-post-thumbnail","7":"category-brasil","8":"entry","9":"gs-1","10":"gs-odd","11":"gs-even","12":"gs-featured-content-entry"},"jetpack_featured_media_url":"https:\/\/www.redenoticia.com.br\/noticia\/imagens\/olimpiadas.jpg","jetpack_sharing_enabled":true,"jetpack_likes_enabled":true,"_links":{"self":[{"href":"https:\/\/www.redenoticia.com.br\/noticia\/wp-json\/wp\/v2\/posts\/90154","targetHints":{"allow":["GET"]}}],"collection":[{"href":"https:\/\/www.redenoticia.com.br\/noticia\/wp-json\/wp\/v2\/posts"}],"about":[{"href":"https:\/\/www.redenoticia.com.br\/noticia\/wp-json\/wp\/v2\/types\/post"}],"author":[{"embeddable":true,"href":"https:\/\/www.redenoticia.com.br\/noticia\/wp-json\/wp\/v2\/users\/2"}],"replies":[{"embeddable":true,"href":"https:\/\/www.redenoticia.com.br\/noticia\/wp-json\/wp\/v2\/comments?post=90154"}],"version-history":[{"count":0,"href":"https:\/\/www.redenoticia.com.br\/noticia\/wp-json\/wp\/v2\/posts\/90154\/revisions"}],"wp:featuredmedia":[{"embeddable":true,"href":"https:\/\/www.redenoticia.com.br\/noticia\/wp-json\/wp\/v2\/media\/39880"}],"wp:attachment":[{"href":"https:\/\/www.redenoticia.com.br\/noticia\/wp-json\/wp\/v2\/media?parent=90154"}],"wp:term":[{"taxonomy":"category","embeddable":true,"href":"https:\/\/www.redenoticia.com.br\/noticia\/wp-json\/wp\/v2\/categories?post=90154"},{"taxonomy":"post_tag","embeddable":true,"href":"https:\/\/www.redenoticia.com.br\/noticia\/wp-json\/wp\/v2\/tags?post=90154"}],"curies":[{"name":"wp","href":"https:\/\/api.w.org\/{rel}","templated":true}]}}