{"id":90,"date":"2009-04-05T17:31:00","date_gmt":"2009-04-05T20:31:00","guid":{"rendered":"http:\/\/www.redenoticia.com.br\/noticia\/?p=90"},"modified":"2009-04-10T00:40:02","modified_gmt":"2009-04-10T03:40:02","slug":"pesquisa-mostra-perfil-do-brasileiro-quanto-a-atividades-fisicas","status":"publish","type":"post","link":"https:\/\/www.redenoticia.com.br\/noticia\/2009\/pesquisa-mostra-perfil-do-brasileiro-quanto-a-atividades-fisicas\/90","title":{"rendered":"Pesquisa mostra perfil do brasileiro quanto a atividades f\u00edsicas"},"content":{"rendered":"<p style=\"MARGIN: 0cm 0cm 12pt\"><img loading=\"lazy\" decoding=\"async\" class=\"alignleft\" src=\"http:\/\/farm4.static.flickr.com\/3210\/3418039450_aee859c806_m.jpg\" alt=\"\" width=\"240\" height=\"159\" \/>Homens s\u00e3o mais ativos no lazer do que mulheres. Assim tamb\u00e9m as pessoas com maior escolaridade praticam mais exerc\u00edcios f\u00edsicos nos momentos de folga do que as que passaram menos tempo estudando. Essas s\u00e3o algumas das conclus\u00f5es da pesquisa <em>Vigitel 2008<\/em>, feita pelo Minist\u00e9rio da Sa\u00fade em parceria com a Universidade de S\u00e3o Paulo.<\/p>\n<p>O Vigitel \u00e9 um sistema de monitoramento de fatores de risco e prote\u00e7\u00e3o de doen\u00e7as cr\u00f4nicas n\u00e3o transmiss\u00edveis (DCNT), que \u00e9 realizado por consulta telef\u00f4nica desde 2006. Al\u00e9m dos exerc\u00edcios f\u00edsicos, a pesquisa tamb\u00e9m observa h\u00e1bitos alimentares e consumo de \u00e1lcool e tabaco.<\/p>\n<p>De acordo com dados divulgados pelo minist\u00e9rio neste Dia Mundial da Atividade F\u00edsica (5), a quantidade de pessoas que praticam exerc\u00edcios no lazer subiu de 14,9% para 16,4% da popula\u00e7\u00e3o brasileira. O Vigitel considera atividade f\u00edsica suficiente no lazer &#8220;a pr\u00e1tica de pelo menos 30 minutos di\u00e1rios de exerc\u00edcios de intensidade leve ou moderada em cinco ou mais dias da semana, ou a pr\u00e1tica de pelo menos 20 minutos di\u00e1rios de atividade f\u00edsica de intensidade vigorosa em tr\u00eas ou mais dias da semana&#8221;.<\/p>\n<p>&#8220;N\u00f3s sabemos que atividade f\u00edsica praticada de forma regular \u00e9 um fator muito importante na preven\u00e7\u00e3o de doen\u00e7as cr\u00f4nicas&#8221;, afirma Deborah Carvalho Malta, uma das organizadoras da pesquisa por parte da Secretaria de Vigil\u00e2ncia em Sa\u00fade (SVS), do minist\u00e9rio. O Vigitel tamb\u00e9m observou que os n\u00edveis de sedentarismo diminu\u00edram de 29,2% para 26,3% no \u00faltimo ano.<\/p>\n<p>Quando se trata de idosos, os dados n\u00e3o s\u00e3o t\u00e3o positivos. Nesse grupo, 52,6% s\u00e3o sedent\u00e1rios.<\/p>\n<p>A capital com maior n\u00famero de adultos ativos no lazer \u00e9 Palmas, com 21,5%. J\u00e1 S\u00e3o Paulo \u00e9 a que tem menor \u00edndice de adultos que praticam atividades f\u00edsicas com regularidade, apenas 12,1%. Palmas tamb\u00e9m \u00e9 a capital com menor \u00edndice de inativos, 18,7%, enquanto Natal \u00e9 a que tem maior \u00edndice de pessoas que n\u00e3o praticam nenhum tipo de atividade f\u00edsica, 32,3%.<\/p>\n<p>A pesquisa considerou inativos os adultos que n\u00e3o praticaram qualquer atividade f\u00edsica nos \u00faltimos tr\u00eas meses e que n\u00e3o realizam esfor\u00e7os f\u00edsicos intensos no trabalho. Tamb\u00e9m s\u00e3o considerados inativos os que n\u00e3o se deslocam para o trabalho caminhando ou de bicicleta e n\u00e3o s\u00e3o respons\u00e1veis pela limpeza pesada de suas casas.<\/p>\n<p>De acordo com Otaliba L\u00edbano de Moraes Neto, que tamb\u00e9m participou da pesquisa por parte da SVS, este n\u00edvel de atividade f\u00edsica ou de inatividade tamb\u00e9m pode variar de acordo com a oferta que cada cidade tem de ambientes e situa\u00e7\u00f5es que propiciem a pr\u00e1tica de exerc\u00edcios f\u00edsicos. &#8220;Essa pesquisa \u00e9 um retrato do Brasil em 2008, inclusive de sua urbaniza\u00e7\u00e3o. Ent\u00e3o, ela pega tanto os h\u00e1bitos n\u00e3o saud\u00e1veis de alimenta\u00e7\u00e3o, por exemplo, como tamb\u00e9m as mudan\u00e7as de comportamento da popula\u00e7\u00e3o em dire\u00e7\u00e3o a a\u00e7\u00f5es que evitem as doen\u00e7as cr\u00f4nicas&#8221;, acrescenta.<\/p>\n<p style=\"MARGIN: 0cm 0cm 12pt\">Mariana Jungmann<br \/>\n<em>Rep\u00f3rter da Ag\u00eancia Brasil<br \/>\n<\/em><\/p>\n","protected":false},"excerpt":{"rendered":"<p>Homens s\u00e3o mais ativos no lazer do que mulheres. Assim tamb\u00e9m as pessoas com maior escolaridade praticam mais exerc\u00edcios f\u00edsicos nos momentos de folga do que as que passaram menos tempo estudando. Essas s\u00e3o algumas das conclus\u00f5es da pesquisa Vigitel 2008, feita pelo Minist\u00e9rio da Sa\u00fade em parceria com a Universidade de S\u00e3o Paulo. O [&hellip;]<\/p>\n","protected":false},"author":2,"featured_media":0,"comment_status":"open","ping_status":"open","sticky":false,"template":"","format":"standard","meta":{"_genesis_hide_title":false,"_genesis_hide_breadcrumbs":false,"_genesis_hide_singular_image":false,"_genesis_hide_footer_widgets":false,"_genesis_custom_body_class":"","_genesis_custom_post_class":"","_genesis_layout":"","_jetpack_memberships_contains_paid_content":false,"footnotes":""},"categories":[5],"tags":[],"class_list":{"0":"post-90","1":"post","2":"type-post","3":"status-publish","4":"format-standard","6":"category-saude-e-vida","7":"entry","8":"gs-1","9":"gs-odd","10":"gs-even","11":"gs-featured-content-entry"},"jetpack_featured_media_url":"","jetpack_sharing_enabled":true,"jetpack_likes_enabled":true,"_links":{"self":[{"href":"https:\/\/www.redenoticia.com.br\/noticia\/wp-json\/wp\/v2\/posts\/90","targetHints":{"allow":["GET"]}}],"collection":[{"href":"https:\/\/www.redenoticia.com.br\/noticia\/wp-json\/wp\/v2\/posts"}],"about":[{"href":"https:\/\/www.redenoticia.com.br\/noticia\/wp-json\/wp\/v2\/types\/post"}],"author":[{"embeddable":true,"href":"https:\/\/www.redenoticia.com.br\/noticia\/wp-json\/wp\/v2\/users\/2"}],"replies":[{"embeddable":true,"href":"https:\/\/www.redenoticia.com.br\/noticia\/wp-json\/wp\/v2\/comments?post=90"}],"version-history":[{"count":0,"href":"https:\/\/www.redenoticia.com.br\/noticia\/wp-json\/wp\/v2\/posts\/90\/revisions"}],"wp:attachment":[{"href":"https:\/\/www.redenoticia.com.br\/noticia\/wp-json\/wp\/v2\/media?parent=90"}],"wp:term":[{"taxonomy":"category","embeddable":true,"href":"https:\/\/www.redenoticia.com.br\/noticia\/wp-json\/wp\/v2\/categories?post=90"},{"taxonomy":"post_tag","embeddable":true,"href":"https:\/\/www.redenoticia.com.br\/noticia\/wp-json\/wp\/v2\/tags?post=90"}],"curies":[{"name":"wp","href":"https:\/\/api.w.org\/{rel}","templated":true}]}}