{"id":9,"date":"2009-03-28T22:00:00","date_gmt":"2009-03-29T01:00:00","guid":{"rendered":"http:\/\/www.redenoticia.com.br\/noticia\/?p=9"},"modified":"2009-04-10T18:13:34","modified_gmt":"2009-04-10T21:13:34","slug":"valor-dos-animais-em-terapias-com-criancas","status":"publish","type":"post","link":"https:\/\/www.redenoticia.com.br\/noticia\/2009\/valor-dos-animais-em-terapias-com-criancas\/9","title":{"rendered":"Valor dos Animais em Terapias com Crian\u00e7as"},"content":{"rendered":"\n<p class=\"MsoNormal\">Conhecemos h\u00e1 muito tempo as felicidades que animais de estima\u00e7\u00e3o trazem para a nossa vida. Agora os m\u00e9dicos tamb\u00e9m reconhecem seu valor terap\u00eautico, especialmente para crian\u00e7as, pessoas com doen\u00e7as mentais e idosos que podem ter sido separados de seu pr\u00f3prio animal de estima\u00e7\u00e3o.<\/p>\n<p class=\"spip\"><span>A id\u00e9ia de permitir que c\u00e3es visitem hospitais e asilos veio de um amante de c\u00e3es. Ele percebeu a tristeza de muitos idosos que t\u00eam de separar-se de seus companheiros caninos quando v\u00e3o para asilos. Em 1983, com a ajuda de volunt\u00e1rios, foi criada uma institui\u00e7\u00e3o de caridade: Animais de Estima\u00e7\u00e3o Como Terapia (PAT). Desde ent\u00e3o, mais de 14.500 c\u00e3es j\u00e1 fazeram parte do programa.<\/span><\/p>\n<p class=\"spip\"><span>Outro programa piloto, o Curso de Profici\u00eancia com Animais de Estima\u00e7\u00e3o, deve ser testado na Inglaterra ainda este ano. O programa mira jovens de sete a onze anos e permite a intera\u00e7\u00e3o com um animal de estima\u00e7\u00e3o para aprender os fatos mais importantes em rela\u00e7\u00e3o a um animal.<\/span><\/p>\n<p class=\"spip\"><span>Participantes do programa, Kathryn Salomon e seu c\u00e3o, Dora, volunt\u00e1rias do PAT, recentemente visitaram uma turma de 10 crian\u00e7as de 11 anos em uma escola chamada St Albans School, no centro de Londres.<\/span><\/p>\n<p class=\"spip\"><span>Ela contou sobre a visita que fizeram a uma casa para jovens adultos com problemas de aprendizado, explicando como suas visitas s\u00e3o importantes para os que n\u00e3o podem participar de atividades sociais em casa. Tamb\u00e9m houve uma se\u00e7\u00e3o de perguntas e respostas para as crian\u00e7as.<\/span><\/p>\n<p class=\"spip\"><span>Como a maior parte das crian\u00e7as morava em apartamentos e nunca tinham tido um c\u00e3o, algumas sentiram-se tensas na companhia do animal. Ap\u00f3s Dora ter feito sua magia, Kathryn ouviu uma das garotas dizer que, depois de ter passado a m\u00e3o em Dora, n\u00e3o teria mais medo de c\u00e3es. Outra contou que tinha tanto medo de c\u00e3es que havia pensado em ficar em casa.<\/span><\/p>\n<p class=\"spip\"><span>As crian\u00e7as aprenderam um pouco sobre ter animais de estima\u00e7\u00e3o, alimenta\u00e7\u00e3o, brincar e higiene.<\/span><\/p>\n<p class=\"spip\"><span>Cinco escolas, incluindo Chalfont St Giles Middle School, participaram do programa. Outro c\u00e3o, Lily, foi levada \u00e0 escola para ensinar \u00e0s crian\u00e7as o que \u00e9 propriedade respons\u00e1vel. A professoras Sara Daish disse: &#8220;Um animal de estima\u00e7\u00e3o pode ter um papel muito importante na unidade familiar e \u00e9 necess\u00e1rio que as crian\u00e7as saibam cuidar deles.&#8221;<\/span><\/p>\n<p class=\"MsoNormal\"><span>Leia Mais <a href=\"http:\/\/www.pedigree.com.br\/\">http:\/\/www.pedigree.com.br<\/a><\/span><\/p>\n","protected":false},"excerpt":{"rendered":"<p>Conhecemos h\u00e1 muito tempo as felicidades que animais de estima\u00e7\u00e3o trazem para a nossa vida. Agora os m\u00e9dicos tamb\u00e9m reconhecem seu valor terap\u00eautico, especialmente para crian\u00e7as, pessoas com doen\u00e7as mentais e idosos que podem ter sido separados de seu pr\u00f3prio animal de estima\u00e7\u00e3o. A id\u00e9ia de permitir que c\u00e3es visitem hospitais e asilos veio de [&hellip;]<\/p>\n","protected":false},"author":2,"featured_media":0,"comment_status":"open","ping_status":"open","sticky":false,"template":"","format":"standard","meta":{"_genesis_hide_title":false,"_genesis_hide_breadcrumbs":false,"_genesis_hide_singular_image":false,"_genesis_hide_footer_widgets":false,"_genesis_custom_body_class":"","_genesis_custom_post_class":"","_genesis_layout":"","_jetpack_memberships_contains_paid_content":false,"footnotes":""},"categories":[22],"tags":[],"class_list":{"0":"post-9","1":"post","2":"type-post","3":"status-publish","4":"format-standard","6":"category-brasil","7":"entry","8":"gs-1","9":"gs-odd","10":"gs-even","11":"gs-featured-content-entry"},"jetpack_featured_media_url":"","jetpack_sharing_enabled":true,"jetpack_likes_enabled":true,"_links":{"self":[{"href":"https:\/\/www.redenoticia.com.br\/noticia\/wp-json\/wp\/v2\/posts\/9","targetHints":{"allow":["GET"]}}],"collection":[{"href":"https:\/\/www.redenoticia.com.br\/noticia\/wp-json\/wp\/v2\/posts"}],"about":[{"href":"https:\/\/www.redenoticia.com.br\/noticia\/wp-json\/wp\/v2\/types\/post"}],"author":[{"embeddable":true,"href":"https:\/\/www.redenoticia.com.br\/noticia\/wp-json\/wp\/v2\/users\/2"}],"replies":[{"embeddable":true,"href":"https:\/\/www.redenoticia.com.br\/noticia\/wp-json\/wp\/v2\/comments?post=9"}],"version-history":[{"count":0,"href":"https:\/\/www.redenoticia.com.br\/noticia\/wp-json\/wp\/v2\/posts\/9\/revisions"}],"wp:attachment":[{"href":"https:\/\/www.redenoticia.com.br\/noticia\/wp-json\/wp\/v2\/media?parent=9"}],"wp:term":[{"taxonomy":"category","embeddable":true,"href":"https:\/\/www.redenoticia.com.br\/noticia\/wp-json\/wp\/v2\/categories?post=9"},{"taxonomy":"post_tag","embeddable":true,"href":"https:\/\/www.redenoticia.com.br\/noticia\/wp-json\/wp\/v2\/tags?post=9"}],"curies":[{"name":"wp","href":"https:\/\/api.w.org\/{rel}","templated":true}]}}