{"id":89925,"date":"2016-07-11T10:12:18","date_gmt":"2016-07-11T13:12:18","guid":{"rendered":"http:\/\/www.redenoticia.com.br\/noticia\/?p=89925"},"modified":"2016-07-07T21:17:18","modified_gmt":"2016-07-08T00:17:18","slug":"equipe-economica-aumenta-para-12-estimativa-de-crescimento-do-pib-em-2017","status":"publish","type":"post","link":"https:\/\/www.redenoticia.com.br\/noticia\/2016\/equipe-economica-aumenta-para-12-estimativa-de-crescimento-do-pib-em-2017\/89925","title":{"rendered":"Equipe econ\u00f4mica aumenta para 1,2% estimativa de crescimento do PIB em 2017"},"content":{"rendered":"<p> A equipe econ\u00f4mica aumentou para 1,2% a <strong><em>estimativa de crescimento da economia<\/em><\/strong> brasileira no pr\u00f3ximo ano, anunciou o ministro da Fazenda, Henrique Meirelles. A previs\u00e3o ser\u00e1 inclu\u00edda no projeto da Lei de Diretrizes Or\u00e7ament\u00e1rias (LDO) de 2017, que tramita no Congresso Nacional.<\/p>\n<p> Originalmente, a LDO previa crescimento de 1% do Produto Interno Bruto (PIB, soma das riquezas produzidas no pa\u00eds) no pr\u00f3ximo ano. Caso a estimativa se confirme, o pa\u00eds voltar\u00e1 a crescer depois de dois anos seguidos de recess\u00e3o.<\/p>\n<p> Al\u00e9m de estabelecer a meta fiscal, a LDO cont\u00e9m par\u00e2metros que guiam a elabora\u00e7\u00e3o do Or\u00e7amento do pr\u00f3ximo ano. Ao explicar a revis\u00e3o da estimativa para o PIB, o ministro Henrique Meirelles disse que a equipe econ\u00f4mica est\u00e1 trabalhando em linha com as proje\u00e7\u00f5es do mercado.<\/p>\n<p>\u201cEsse n\u00famero [1,2%] \u00e9 a tend\u00eancia para onde caminha o Boletim Focus [pesquisa semanal do Banco Central com institui\u00e7\u00f5es financeiras]\u201d, declarou.<\/p>\n<p>Em rela\u00e7\u00e3o ao d\u00e9ficit prim\u00e1rio de R$ 139 bilh\u00f5es previstos para o Governo Central (Tesouro Nacional, Previd\u00eancia Social e Banco Central), o ministro do Planejamento, Dyogo Oliveira, informou que a nova meta considera um corte de 0,5% do PIB, de 4,4% para 3,9%, nas despesas discricion\u00e1rias (n\u00e3o obrigat\u00f3rias) em 2017 em rela\u00e7\u00e3o a 2016.<\/p>\n<p>O ministro do Planejamento, no entanto, ressaltou que a redu\u00e7\u00e3o nas despesas n\u00e3o obrigat\u00f3rias ser\u00e1 compensada pelo crescimento do d\u00e9ficit da Previd\u00eancia Social, que subir\u00e1 de 2,3% do PIB neste ano para 2,7% do PIB em 2017. Em valores, o resultado negativo da Previd\u00eancia crescer\u00e1 de R$ 147 bilh\u00f5es para R$ 183 bilh\u00f5es no pr\u00f3ximo ano.<\/p>\n<p>De acordo com Oliveira, o governo pretende aplicar no pr\u00f3ximo ano o limite do crescimento da despesa total do governo pela infla\u00e7\u00e3o oficial pelo \u00cdndice Nacional de Pre\u00e7os ao Consumidor Amplo (IPCA), totalizando R$ 1,321 trilh\u00e3o em 2017.<\/p>\n<p>A proposta de emenda \u00e0 Constitui\u00e7\u00e3o para instituir o teto para o crescimento dos gastos p\u00fablicos foi anunciada no m\u00eas passado pelo governo e depende de aprova\u00e7\u00e3o do Congresso.<\/p>\n<p>Wellton M\u00e1ximo e Paulo Victor Chagas \u2013 Rep\u00f3rteres da Ag\u00eancia Brasil<br \/>\nEdi\u00e7\u00e3o: Armando Cardoso<br \/>\n11\/07\/2016 <\/p>\n","protected":false},"excerpt":{"rendered":"<p>A equipe econ\u00f4mica aumentou para 1,2% a estimativa de crescimento da economia brasileira no pr\u00f3ximo ano, anunciou o ministro da Fazenda, Henrique Meirelles. A previs\u00e3o ser\u00e1 inclu\u00edda no projeto da Lei de Diretrizes Or\u00e7ament\u00e1rias (LDO) de 2017, que tramita no Congresso Nacional. Originalmente, a LDO previa crescimento de 1% do Produto Interno Bruto (PIB, soma [&hellip;]<\/p>\n","protected":false},"author":2,"featured_media":57582,"comment_status":"open","ping_status":"closed","sticky":false,"template":"","format":"standard","meta":{"_genesis_hide_title":false,"_genesis_hide_breadcrumbs":false,"_genesis_hide_singular_image":false,"_genesis_hide_footer_widgets":false,"_genesis_custom_body_class":"","_genesis_custom_post_class":"","_genesis_layout":"","_jetpack_memberships_contains_paid_content":false,"footnotes":""},"categories":[22,7],"tags":[],"class_list":{"0":"post-89925","1":"post","2":"type-post","3":"status-publish","4":"format-standard","5":"has-post-thumbnail","7":"category-brasil","8":"category-economia","9":"entry","10":"gs-1","11":"gs-odd","12":"gs-even","13":"gs-featured-content-entry"},"jetpack_featured_media_url":"https:\/\/www.redenoticia.com.br\/noticia\/imagens\/grafico1.jpg","jetpack_sharing_enabled":true,"jetpack_likes_enabled":true,"_links":{"self":[{"href":"https:\/\/www.redenoticia.com.br\/noticia\/wp-json\/wp\/v2\/posts\/89925","targetHints":{"allow":["GET"]}}],"collection":[{"href":"https:\/\/www.redenoticia.com.br\/noticia\/wp-json\/wp\/v2\/posts"}],"about":[{"href":"https:\/\/www.redenoticia.com.br\/noticia\/wp-json\/wp\/v2\/types\/post"}],"author":[{"embeddable":true,"href":"https:\/\/www.redenoticia.com.br\/noticia\/wp-json\/wp\/v2\/users\/2"}],"replies":[{"embeddable":true,"href":"https:\/\/www.redenoticia.com.br\/noticia\/wp-json\/wp\/v2\/comments?post=89925"}],"version-history":[{"count":0,"href":"https:\/\/www.redenoticia.com.br\/noticia\/wp-json\/wp\/v2\/posts\/89925\/revisions"}],"wp:featuredmedia":[{"embeddable":true,"href":"https:\/\/www.redenoticia.com.br\/noticia\/wp-json\/wp\/v2\/media\/57582"}],"wp:attachment":[{"href":"https:\/\/www.redenoticia.com.br\/noticia\/wp-json\/wp\/v2\/media?parent=89925"}],"wp:term":[{"taxonomy":"category","embeddable":true,"href":"https:\/\/www.redenoticia.com.br\/noticia\/wp-json\/wp\/v2\/categories?post=89925"},{"taxonomy":"post_tag","embeddable":true,"href":"https:\/\/www.redenoticia.com.br\/noticia\/wp-json\/wp\/v2\/tags?post=89925"}],"curies":[{"name":"wp","href":"https:\/\/api.w.org\/{rel}","templated":true}]}}