{"id":89923,"date":"2016-07-11T10:11:57","date_gmt":"2016-07-11T13:11:57","guid":{"rendered":"http:\/\/www.redenoticia.com.br\/noticia\/?p=89923"},"modified":"2016-07-07T21:16:11","modified_gmt":"2016-07-08T00:16:11","slug":"governo-espera-economizar-r-71-bilhoes-por-ano-com-revisao-de-beneficios","status":"publish","type":"post","link":"https:\/\/www.redenoticia.com.br\/noticia\/2016\/governo-espera-economizar-r-71-bilhoes-por-ano-com-revisao-de-beneficios\/89923","title":{"rendered":"Governo espera economizar R$ 7,1 bilh\u00f5es por ano com revis\u00e3o de benef\u00edcios"},"content":{"rendered":"<p> O <strong><em>pente-fino em benef\u00edcios previdenci\u00e1rios e assistenciais<\/em><\/strong> anunciado pelo Pal\u00e1cio do Planalto vai gerar uma economia de R$ 7,1 bilh\u00f5es por ano, de acordo com c\u00e1lculos do governo. As proje\u00e7\u00f5es do impacto se referem aos gastos atuais da Uni\u00e3o com aux\u00edlio-doen\u00e7a, aposentadoria por invalidez de longa dura\u00e7\u00e3o e com o Benef\u00edcio de Presta\u00e7\u00e3o Continuada (BPC).<\/p>\n<p> A revis\u00e3o do benef\u00edcio para trabalhadores que est\u00e3o temporariamente afastados por problemas de sa\u00fade vai permitir a redu\u00e7\u00e3o de 30% dos custos atuais, o que significa uma redu\u00e7\u00e3o de R$ 3,955 bilh\u00f5es do que \u00e9 pago anualmente. J\u00e1 na aposentadoria por invalidez, a proje\u00e7\u00e3o \u00e9 de que somente 5% do gasto seja revertido, j\u00e1 que a revis\u00e3o desse tipo de per\u00edcia \u00e9 mais incomum. Nesse caso, o impacto ser\u00e1 de R$ 2,340 bilh\u00f5es.<\/p>\n<p> Benef\u00edcios de aposentadoria por invalidez e aux\u00edlio-doen\u00e7a ser\u00e3o revistos<br \/>\nEm rela\u00e7\u00e3o ao BPC, pago a pessoas com mais de 65 anos que n\u00e3o contribu\u00edram com a Previd\u00eancia Social, a economia estimada \u00e9 de R$ 800 milh\u00f5es por ano, o equivalente a 2% do total de benef\u00edcios pagos atualmente.<\/p>\n<p>Os esclarecimentos sobre as mudan\u00e7as foram feitos no Pal\u00e1cio do Planalto pouco antes do an\u00fancio da meta fiscal de 2017, que prev\u00ea rombo de R$ 139 bilh\u00f5es nas contas p\u00fablicas.<\/p>\n<p>Reforma<\/p>\n<p>De acordo com o ministro-chefe da Casa Civil, Eliseu Padilha, as medidas anunciadas hoje t\u00eam o objetivo de \u201ccolocar uma tampa sobre os ralos que est\u00e3o abertos\u201d com pagamentos e gastos desnecess\u00e1rios. \u201cIniciamos hoje o que resolvemos chamar de fazer o dever de casa. A parte do Estado do que tange \u00e0 gest\u00e3o\u201d, disse.<\/p>\n<p>Na semana passada, Padilha havia anunciado a inten\u00e7\u00e3o do governo de promover um \u201cpente fino\u201d nos benef\u00edcios previdenci\u00e1rios, entre eles o aux\u00edlio-doen\u00e7a. Na ocasi\u00e3o, o ministro afirmou que levantamentos preliminares indicavam falhas na concess\u00e3o dos benef\u00edcios, e que seria necess\u00e1rio revisar os cadastros.<\/p>\n<p>Assim que assumiu o governo, o presidente interino, Michel Temer, anunciou a cria\u00e7\u00e3o de um grupo de trabalho para, dentro de 30 dias, apresentar uma proposta para a reforma da Previd\u00eancia. Os representantes de centrais sindicais e t\u00e9cnicos do governo t\u00eam se reunido, mas, como n\u00e3o houve consenso sobre a cria\u00e7\u00e3o de idade m\u00ednima para aposentadoria, o prazo n\u00e3o foi cumprido. A equipe econ\u00f4mica argumenta que os gastos com a Previd\u00eancia Social s\u00e3o maiores a cada ano e podem ficar insustent\u00e1veis no futuro.<\/p>\n<p>Paulo Victor Chagas e Wellton M\u00e1ximo &#8211; Rep\u00f3rteres da Ag\u00eancia Brasil<br \/>\nEdi\u00e7\u00e3o: Luana Louren\u00e7o<br \/>\n11\/07\/2016<\/p>\n","protected":false},"excerpt":{"rendered":"<p>O pente-fino em benef\u00edcios previdenci\u00e1rios e assistenciais anunciado pelo Pal\u00e1cio do Planalto vai gerar uma economia de R$ 7,1 bilh\u00f5es por ano, de acordo com c\u00e1lculos do governo. As proje\u00e7\u00f5es do impacto se referem aos gastos atuais da Uni\u00e3o com aux\u00edlio-doen\u00e7a, aposentadoria por invalidez de longa dura\u00e7\u00e3o e com o Benef\u00edcio de Presta\u00e7\u00e3o Continuada (BPC). [&hellip;]<\/p>\n","protected":false},"author":2,"featured_media":40734,"comment_status":"open","ping_status":"closed","sticky":false,"template":"","format":"standard","meta":{"_genesis_hide_title":false,"_genesis_hide_breadcrumbs":false,"_genesis_hide_singular_image":false,"_genesis_hide_footer_widgets":false,"_genesis_custom_body_class":"","_genesis_custom_post_class":"","_genesis_layout":"","_jetpack_memberships_contains_paid_content":false,"footnotes":""},"categories":[22,7],"tags":[],"class_list":{"0":"post-89923","1":"post","2":"type-post","3":"status-publish","4":"format-standard","5":"has-post-thumbnail","7":"category-brasil","8":"category-economia","9":"entry","10":"gs-1","11":"gs-odd","12":"gs-even","13":"gs-featured-content-entry"},"jetpack_featured_media_url":"https:\/\/www.redenoticia.com.br\/noticia\/imagens\/economia-resultados.jpg","jetpack_sharing_enabled":true,"jetpack_likes_enabled":true,"_links":{"self":[{"href":"https:\/\/www.redenoticia.com.br\/noticia\/wp-json\/wp\/v2\/posts\/89923","targetHints":{"allow":["GET"]}}],"collection":[{"href":"https:\/\/www.redenoticia.com.br\/noticia\/wp-json\/wp\/v2\/posts"}],"about":[{"href":"https:\/\/www.redenoticia.com.br\/noticia\/wp-json\/wp\/v2\/types\/post"}],"author":[{"embeddable":true,"href":"https:\/\/www.redenoticia.com.br\/noticia\/wp-json\/wp\/v2\/users\/2"}],"replies":[{"embeddable":true,"href":"https:\/\/www.redenoticia.com.br\/noticia\/wp-json\/wp\/v2\/comments?post=89923"}],"version-history":[{"count":0,"href":"https:\/\/www.redenoticia.com.br\/noticia\/wp-json\/wp\/v2\/posts\/89923\/revisions"}],"wp:featuredmedia":[{"embeddable":true,"href":"https:\/\/www.redenoticia.com.br\/noticia\/wp-json\/wp\/v2\/media\/40734"}],"wp:attachment":[{"href":"https:\/\/www.redenoticia.com.br\/noticia\/wp-json\/wp\/v2\/media?parent=89923"}],"wp:term":[{"taxonomy":"category","embeddable":true,"href":"https:\/\/www.redenoticia.com.br\/noticia\/wp-json\/wp\/v2\/categories?post=89923"},{"taxonomy":"post_tag","embeddable":true,"href":"https:\/\/www.redenoticia.com.br\/noticia\/wp-json\/wp\/v2\/tags?post=89923"}],"curies":[{"name":"wp","href":"https:\/\/api.w.org\/{rel}","templated":true}]}}