{"id":89921,"date":"2016-07-11T10:10:51","date_gmt":"2016-07-11T13:10:51","guid":{"rendered":"http:\/\/www.redenoticia.com.br\/noticia\/?p=89921"},"modified":"2016-07-07T21:14:53","modified_gmt":"2016-07-08T00:14:53","slug":"cni-revisa-para-baixo-previsoes-de-queda-da-economia-em-2016","status":"publish","type":"post","link":"https:\/\/www.redenoticia.com.br\/noticia\/2016\/cni-revisa-para-baixo-previsoes-de-queda-da-economia-em-2016\/89921","title":{"rendered":"CNI revisa para baixo previs\u00f5es de queda da economia em 2016"},"content":{"rendered":"<p> A Confedera\u00e7\u00e3o Nacional da Ind\u00fastria (CNI) revisou para baixo as <strong><em>previs\u00f5es de queda da economia<\/em><\/strong> para este ano. A estimativa para retra\u00e7\u00e3o do Produto Interno Bruto (PIB) passou de 3,1%, divulgada em abril, para 3,5%. A press\u00e3o para a queda do PIB industrial foi alterada de 5% para 5,4%.<\/p>\n<p>De acordo com o Informe Conjuntural da CNI, \u201ca mudan\u00e7a no quadro pol\u00edtico possibilitou uma conjuga\u00e7\u00e3o favor\u00e1vel a ajustes estruturais que exigem mudan\u00e7as legislativas e constitucionais, como \u00e9 o caso da reforma da Previd\u00eancia e da imposi\u00e7\u00e3o de limitadores ao crescimento do gasto p\u00fablico\u201d.<\/p>\n<p>Investimentos<\/p>\n<p>\u201cA proposta no \u00e2mbito federal, j\u00e1 enviada ao Congresso, \u00e9 um avan\u00e7o. Mas seus efeitos ser\u00e3o sentidos apenas no m\u00e9dio prazo, pois dependem da retomada do crescimento e ainda ser\u00e3o necess\u00e1rias novas altera\u00e7\u00f5es no processo or\u00e7ament\u00e1rio para que se torne efetiva\u201d, acrescentou o informe.<\/p>\n<p>De acordo com as perspectivas da CNI para o ano de 2016, os investimentos recuar\u00e3o 13,9% e o consumo das fam\u00edlias diminuir\u00e1 4,8%. Em rela\u00e7\u00e3o ao desemprego, a previs\u00e3o da CNI \u00e9 que a taxa anual alcance 11,5% da Popula\u00e7\u00e3o Economicamente Ativa (PEA).<\/p>\n<p>Na avalia\u00e7\u00e3o da CNI, a infla\u00e7\u00e3o ao fim do ano chegar\u00e1 a 7,3%, ante 7,1% estimados em abril. A estimativa para a taxa de c\u00e2mbio m\u00e9dia de 2016 \u00e9 R$ 3,48, contra R$ 3,33 em 2015, uma desvaloriza\u00e7\u00e3o de 4,6%.<\/p>\n<p>Da Ag\u00eancia Brasil<br \/>\nEdi\u00e7\u00e3o: Armando Cardoso<br \/>\n11\/07\/2016<\/p>\n","protected":false},"excerpt":{"rendered":"<p>A Confedera\u00e7\u00e3o Nacional da Ind\u00fastria (CNI) revisou para baixo as previs\u00f5es de queda da economia para este ano. A estimativa para retra\u00e7\u00e3o do Produto Interno Bruto (PIB) passou de 3,1%, divulgada em abril, para 3,5%. A press\u00e3o para a queda do PIB industrial foi alterada de 5% para 5,4%. De acordo com o Informe Conjuntural [&hellip;]<\/p>\n","protected":false},"author":2,"featured_media":38938,"comment_status":"open","ping_status":"closed","sticky":false,"template":"","format":"standard","meta":{"_genesis_hide_title":false,"_genesis_hide_breadcrumbs":false,"_genesis_hide_singular_image":false,"_genesis_hide_footer_widgets":false,"_genesis_custom_body_class":"","_genesis_custom_post_class":"","_genesis_layout":"","_jetpack_memberships_contains_paid_content":false,"footnotes":""},"categories":[22,7],"tags":[],"class_list":{"0":"post-89921","1":"post","2":"type-post","3":"status-publish","4":"format-standard","5":"has-post-thumbnail","7":"category-brasil","8":"category-economia","9":"entry","10":"gs-1","11":"gs-odd","12":"gs-even","13":"gs-featured-content-entry"},"jetpack_featured_media_url":"https:\/\/www.redenoticia.com.br\/noticia\/imagens\/economia1.jpg","jetpack_sharing_enabled":true,"jetpack_likes_enabled":true,"_links":{"self":[{"href":"https:\/\/www.redenoticia.com.br\/noticia\/wp-json\/wp\/v2\/posts\/89921","targetHints":{"allow":["GET"]}}],"collection":[{"href":"https:\/\/www.redenoticia.com.br\/noticia\/wp-json\/wp\/v2\/posts"}],"about":[{"href":"https:\/\/www.redenoticia.com.br\/noticia\/wp-json\/wp\/v2\/types\/post"}],"author":[{"embeddable":true,"href":"https:\/\/www.redenoticia.com.br\/noticia\/wp-json\/wp\/v2\/users\/2"}],"replies":[{"embeddable":true,"href":"https:\/\/www.redenoticia.com.br\/noticia\/wp-json\/wp\/v2\/comments?post=89921"}],"version-history":[{"count":0,"href":"https:\/\/www.redenoticia.com.br\/noticia\/wp-json\/wp\/v2\/posts\/89921\/revisions"}],"wp:featuredmedia":[{"embeddable":true,"href":"https:\/\/www.redenoticia.com.br\/noticia\/wp-json\/wp\/v2\/media\/38938"}],"wp:attachment":[{"href":"https:\/\/www.redenoticia.com.br\/noticia\/wp-json\/wp\/v2\/media?parent=89921"}],"wp:term":[{"taxonomy":"category","embeddable":true,"href":"https:\/\/www.redenoticia.com.br\/noticia\/wp-json\/wp\/v2\/categories?post=89921"},{"taxonomy":"post_tag","embeddable":true,"href":"https:\/\/www.redenoticia.com.br\/noticia\/wp-json\/wp\/v2\/tags?post=89921"}],"curies":[{"name":"wp","href":"https:\/\/api.w.org\/{rel}","templated":true}]}}