{"id":89919,"date":"2016-07-11T10:18:47","date_gmt":"2016-07-11T13:18:47","guid":{"rendered":"http:\/\/www.redenoticia.com.br\/noticia\/?p=89919"},"modified":"2016-07-07T21:13:46","modified_gmt":"2016-07-08T00:13:46","slug":"safra-de-graos-pode-ser-84-menor-que-a-de-2015-diz-ibge","status":"publish","type":"post","link":"https:\/\/www.redenoticia.com.br\/noticia\/2016\/safra-de-graos-pode-ser-84-menor-que-a-de-2015-diz-ibge\/89919","title":{"rendered":"Safra de gr\u00e3os pode ser 8,4% menor que a de 2015, diz IBGE"},"content":{"rendered":"<p> As proje\u00e7\u00f5es mensais que o Instituto Brasileiro de Geografia e Estat\u00edstica (IBGE) faz para a <strong><em>safra brasileira de gr\u00e3os<\/em><\/strong> deste ano continuam em queda e indicam que 2016 pode fechar com uma safra 8,4% menor do que a do ano passado, que foi de 209,4 milh\u00f5es de toneladas.<\/p>\n<p>Os dados do Levantamento Sistem\u00e1tico da Produ\u00e7\u00e3o Agr\u00edcola (LSPA), relativos a junho, apontam para uma produ\u00e7\u00e3o total de cereais, leguminosas e oleaginosas de 191,8 milh\u00f5es de toneladas, resultado que, se for confirmado, representaria 17,6 milh\u00f5es de toneladas a menos que a safra recorde de 2015.<\/p>\n<p>Nas proje\u00e7\u00f5es do LSPA de maio, que j\u00e1 apontavam para uma safra menor este ano, a queda prevista era de 2,1%, o equivalente a 4 milh\u00f5es de toneladas a menos este ano. Os n\u00fameros da safra 2016, nas proje\u00e7\u00f5es de junho, indicam uma estimativa da \u00e1rea a ser colhida de 57,5 milh\u00f5es de hectares, um recuo de 0,1% frente a 2015 (57,6 milh\u00f5es de hectares).<\/p>\n<p> Arroz, milho e soja s\u00e3o os tr\u00eas principais produtos da safra nacional de gr\u00e3os e, somados, representaram 92,4% da estimativa da produ\u00e7\u00e3o e 87,4% da \u00e1rea a ser colhida este ano. Em rela\u00e7\u00e3o a 2015, houve crescimento de 2,8% nas proje\u00e7\u00f5es da \u00e1rea plantada de soja e redu\u00e7\u00e3o de 1,2% na do milho e de 9,4% na de arroz.<\/p>\n<p>Os dados de junho indicam que a produ\u00e7\u00e3o ser\u00e1 negativa para estes tr\u00eas produtos. A de milho, por exemplo, dever\u00e1 fechar em queda de 18% em rela\u00e7\u00e3o a produ\u00e7\u00e3o do ano passado; a de arroz ser\u00e1 menor em 12,2% e a da soja cair\u00e1 0,6%.<\/p>\n<p>Regi\u00f5es pesquisadas<\/p>\n<p>Regionalmente, os dados da produ\u00e7\u00e3o de cereais, leguminosas e oleaginosas n\u00e3o apresentaram altera\u00e7\u00f5es significativas. A regi\u00e3o Centro-Oeste cont\u00ednua com a maior produ\u00e7\u00e3o percentual de cereais, leguminosas e oleaginosas (41,6% do total), o equivalente a 79,9 milh\u00f5es de toneladas; o Sul com 38,7% e 74,2 milh\u00f5es de toneladas; o Sudeste com 10,3%, 19,7 milh\u00f5es de toneladas; e o Nordeste com 6,1%, 11,7 milh\u00f5es de toneladas.<\/p>\n<p>Em rela\u00e7\u00e3o \u00e0 safra de 2015, houve crescimento de expectativa para a produ\u00e7\u00e3o do Sudeste, mais 1,9%; e quedas nas proje\u00e7\u00f5es de produ\u00e7\u00e3o para as regi\u00f5es Norte (-17,8%), Nordeste (-29,2%), Centro-Oeste (-11,1%) e Sul (-2,2%). Por estado, nessa avalia\u00e7\u00e3o para 2016, Mato Grosso foi o maior produtor nacional de gr\u00e3os, com participa\u00e7\u00e3o de 24,9% do total, seguido pelo Paran\u00e1 (18,9%) e Rio Grande do Sul (16,5%). Somados, os tr\u00eas estados representaram 60,3% do total nacional previsto para este ano<\/p>\n<p>Soja em queda<\/p>\n<p>Com a colheita da soja praticamente encerrada, a estimativa da produ\u00e7\u00e3o para a totalidade do pa\u00eds em junho \u00e9 de 96,6 milh\u00f5es de toneladas, queda de 0,3% frente a maio. A maior varia\u00e7\u00e3o do m\u00eas ficou com o Paran\u00e1 que, inclusive, informou a estimativa da produ\u00e7\u00e3o da safrinha, 317,9 mil toneladas, abaixo da dimensionada anteriormente.<\/p>\n<p>Com isso, a produ\u00e7\u00e3o do estado em 2016 alcan\u00e7a 17 milh\u00f5es de toneladas, com queda de 0,8% frente a maio. J\u00e1 o Distrito Federal deve colher 208,6 mil toneladas nesta safra, com aumentos esperados na \u00e1rea plantada (89,8%) e na produ\u00e7\u00e3o (82,9%).<\/p>\n<p>Nielmar de Oliveira &#8211; Rep\u00f3rter da Ag\u00eancia Brasil<br \/>\nEdi\u00e7\u00e3o: Kleber Sampaio<br \/>\n11\/07\/2016<\/p>\n","protected":false},"excerpt":{"rendered":"<p>As proje\u00e7\u00f5es mensais que o Instituto Brasileiro de Geografia e Estat\u00edstica (IBGE) faz para a safra brasileira de gr\u00e3os deste ano continuam em queda e indicam que 2016 pode fechar com uma safra 8,4% menor do que a do ano passado, que foi de 209,4 milh\u00f5es de toneladas. Os dados do Levantamento Sistem\u00e1tico da Produ\u00e7\u00e3o [&hellip;]<\/p>\n","protected":false},"author":2,"featured_media":57585,"comment_status":"open","ping_status":"closed","sticky":false,"template":"","format":"standard","meta":{"_genesis_hide_title":false,"_genesis_hide_breadcrumbs":false,"_genesis_hide_singular_image":false,"_genesis_hide_footer_widgets":false,"_genesis_custom_body_class":"","_genesis_custom_post_class":"","_genesis_layout":"","_jetpack_memberships_contains_paid_content":false,"footnotes":""},"categories":[22,7],"tags":[],"class_list":{"0":"post-89919","1":"post","2":"type-post","3":"status-publish","4":"format-standard","5":"has-post-thumbnail","7":"category-brasil","8":"category-economia","9":"entry","10":"gs-1","11":"gs-odd","12":"gs-even","13":"gs-featured-content-entry"},"jetpack_featured_media_url":"https:\/\/www.redenoticia.com.br\/noticia\/imagens\/analise-economia.jpg","jetpack_sharing_enabled":true,"jetpack_likes_enabled":true,"_links":{"self":[{"href":"https:\/\/www.redenoticia.com.br\/noticia\/wp-json\/wp\/v2\/posts\/89919","targetHints":{"allow":["GET"]}}],"collection":[{"href":"https:\/\/www.redenoticia.com.br\/noticia\/wp-json\/wp\/v2\/posts"}],"about":[{"href":"https:\/\/www.redenoticia.com.br\/noticia\/wp-json\/wp\/v2\/types\/post"}],"author":[{"embeddable":true,"href":"https:\/\/www.redenoticia.com.br\/noticia\/wp-json\/wp\/v2\/users\/2"}],"replies":[{"embeddable":true,"href":"https:\/\/www.redenoticia.com.br\/noticia\/wp-json\/wp\/v2\/comments?post=89919"}],"version-history":[{"count":0,"href":"https:\/\/www.redenoticia.com.br\/noticia\/wp-json\/wp\/v2\/posts\/89919\/revisions"}],"wp:featuredmedia":[{"embeddable":true,"href":"https:\/\/www.redenoticia.com.br\/noticia\/wp-json\/wp\/v2\/media\/57585"}],"wp:attachment":[{"href":"https:\/\/www.redenoticia.com.br\/noticia\/wp-json\/wp\/v2\/media?parent=89919"}],"wp:term":[{"taxonomy":"category","embeddable":true,"href":"https:\/\/www.redenoticia.com.br\/noticia\/wp-json\/wp\/v2\/categories?post=89919"},{"taxonomy":"post_tag","embeddable":true,"href":"https:\/\/www.redenoticia.com.br\/noticia\/wp-json\/wp\/v2\/tags?post=89919"}],"curies":[{"name":"wp","href":"https:\/\/api.w.org\/{rel}","templated":true}]}}