{"id":89915,"date":"2016-07-11T10:03:41","date_gmt":"2016-07-11T13:03:41","guid":{"rendered":"http:\/\/www.redenoticia.com.br\/noticia\/?p=89915"},"modified":"2016-07-07T21:10:45","modified_gmt":"2016-07-08T00:10:45","slug":"sp-tera-plano-especial-para-garantir-energia-durante-os-jogos-olimpicos","status":"publish","type":"post","link":"https:\/\/www.redenoticia.com.br\/noticia\/2016\/sp-tera-plano-especial-para-garantir-energia-durante-os-jogos-olimpicos\/89915","title":{"rendered":"SP ter\u00e1 plano especial para garantir energia durante os Jogos Ol\u00edmpicos"},"content":{"rendered":"<p> Representantes de concession\u00e1rias de energia, Comit\u00ea Ol\u00edmpico Paulista e t\u00e9cnicos da Subsecretaria de Energia El\u00e9trica da Secretaria de Energia e Minera\u00e7\u00e3o do Estado de S\u00e3o Paulo se reuniram para tratar da seguran\u00e7a no fornecimento de energia durante a realiza\u00e7\u00e3o dos <strong><em>Jogos Ol\u00edmpicos<\/em><\/strong> na Capital paulista.<\/p>\n<p>Foram apresentados planos operativos para os dias 3 e 21 de agosto, datas em que equipes ol\u00edmpicas disputar\u00e3o os jogos de futebol na Arena Corinthians. O atendimento especial assegurar\u00e1 o fornecimento de energia ao est\u00e1dio e servi\u00e7os essenciais, tais como CPTM, Metr\u00f4, aeroportos e Sabesp.<\/p>\n<p>Esse trabalho visa o estabelecimento de procedimentos de seguran\u00e7a, de equipes t\u00e9cnicas que estar\u00e3o de plant\u00e3o no per\u00edodo e os equipamentos que ser\u00e3o utilizados em caso de ocorr\u00eancias.<\/p>\n<p>A Subsecretaria de Energia El\u00e9trica ficou respons\u00e1vel pela confec\u00e7\u00e3o do mapa com as \u00e1reas de concess\u00e3o das distribuidoras de energia el\u00e9trica, contendo os contatos para eventuais emerg\u00eancias.<\/p>\n<p>Outros locais contemplados<br \/>\nOs planos de seguran\u00e7a no fornecimento de energia incluem tamb\u00e9m as regi\u00f5es dos aeroportos de Cumbica, Congonhas e Viracopos, os quatro centros de treinamento das sele\u00e7\u00f5es de futebol e hot\u00e9is que hospedar\u00e3o as equipes ol\u00edmpicas. Al\u00e9m destes locais, o plano foca tamb\u00e9m as delega\u00e7\u00f5es que ficar\u00e3o alojadas e treinando em diversas cidades do interior paulista.<\/p>\n<p>Experi\u00eancia anterior<br \/>\nDurante a Copa de 2014, o Estado de S\u00e3o Paulo j\u00e1 havia conduzido os trabalhos que garantiram o fornecimento de energia el\u00e9trica ao local de realiza\u00e7\u00e3o dos jogos na cidade. Ao todo foram realizadas 23 obras constantes das prioridades do Grupo de Trabalho (GT) da Copa 2014 para refor\u00e7o no atendimento el\u00e9trico na regi\u00e3o metropolitana de S\u00e3o Paulo, uma das cidades sede da Copa 2014.<\/p>\n<p>A Arena Corinthians, sede da cerim\u00f4nia de abertura dos jogos, ganhou aten\u00e7\u00e3o especial. Como grande consumidor de energia el\u00e9trica, a concession\u00e1ria executou obras de refor\u00e7o na alimenta\u00e7\u00e3o do est\u00e1dio, com a remodela\u00e7\u00e3o de linha existente e a implementa\u00e7\u00e3o de segunda linha de alimenta\u00e7\u00e3o independente.<\/p>\n<p>Do Portal do Governo do Estado SP<\/p>\n","protected":false},"excerpt":{"rendered":"<p>Representantes de concession\u00e1rias de energia, Comit\u00ea Ol\u00edmpico Paulista e t\u00e9cnicos da Subsecretaria de Energia El\u00e9trica da Secretaria de Energia e Minera\u00e7\u00e3o do Estado de S\u00e3o Paulo se reuniram para tratar da seguran\u00e7a no fornecimento de energia durante a realiza\u00e7\u00e3o dos Jogos Ol\u00edmpicos na Capital paulista. Foram apresentados planos operativos para os dias 3 e 21 [&hellip;]<\/p>\n","protected":false},"author":2,"featured_media":39880,"comment_status":"open","ping_status":"closed","sticky":false,"template":"","format":"standard","meta":{"_genesis_hide_title":false,"_genesis_hide_breadcrumbs":false,"_genesis_hide_singular_image":false,"_genesis_hide_footer_widgets":false,"_genesis_custom_body_class":"","_genesis_custom_post_class":"","_genesis_layout":"","_jetpack_memberships_contains_paid_content":false,"footnotes":""},"categories":[22],"tags":[],"class_list":{"0":"post-89915","1":"post","2":"type-post","3":"status-publish","4":"format-standard","5":"has-post-thumbnail","7":"category-brasil","8":"entry","9":"gs-1","10":"gs-odd","11":"gs-even","12":"gs-featured-content-entry"},"jetpack_featured_media_url":"https:\/\/www.redenoticia.com.br\/noticia\/imagens\/olimpiadas.jpg","jetpack_sharing_enabled":true,"jetpack_likes_enabled":true,"_links":{"self":[{"href":"https:\/\/www.redenoticia.com.br\/noticia\/wp-json\/wp\/v2\/posts\/89915","targetHints":{"allow":["GET"]}}],"collection":[{"href":"https:\/\/www.redenoticia.com.br\/noticia\/wp-json\/wp\/v2\/posts"}],"about":[{"href":"https:\/\/www.redenoticia.com.br\/noticia\/wp-json\/wp\/v2\/types\/post"}],"author":[{"embeddable":true,"href":"https:\/\/www.redenoticia.com.br\/noticia\/wp-json\/wp\/v2\/users\/2"}],"replies":[{"embeddable":true,"href":"https:\/\/www.redenoticia.com.br\/noticia\/wp-json\/wp\/v2\/comments?post=89915"}],"version-history":[{"count":0,"href":"https:\/\/www.redenoticia.com.br\/noticia\/wp-json\/wp\/v2\/posts\/89915\/revisions"}],"wp:featuredmedia":[{"embeddable":true,"href":"https:\/\/www.redenoticia.com.br\/noticia\/wp-json\/wp\/v2\/media\/39880"}],"wp:attachment":[{"href":"https:\/\/www.redenoticia.com.br\/noticia\/wp-json\/wp\/v2\/media?parent=89915"}],"wp:term":[{"taxonomy":"category","embeddable":true,"href":"https:\/\/www.redenoticia.com.br\/noticia\/wp-json\/wp\/v2\/categories?post=89915"},{"taxonomy":"post_tag","embeddable":true,"href":"https:\/\/www.redenoticia.com.br\/noticia\/wp-json\/wp\/v2\/tags?post=89915"}],"curies":[{"name":"wp","href":"https:\/\/api.w.org\/{rel}","templated":true}]}}