{"id":89909,"date":"2016-07-08T10:09:25","date_gmt":"2016-07-08T13:09:25","guid":{"rendered":"http:\/\/www.redenoticia.com.br\/noticia\/?p=89909"},"modified":"2016-07-07T21:05:53","modified_gmt":"2016-07-08T00:05:53","slug":"consulta-a-segundo-lote-do-imposto-de-renda","status":"publish","type":"post","link":"https:\/\/www.redenoticia.com.br\/noticia\/2016\/consulta-a-segundo-lote-do-imposto-de-renda\/89909","title":{"rendered":"Consulta ao segundo lote do Imposto de Renda"},"content":{"rendered":"<p> A consulta ao segundo lote de  da Pessoa F\u00edsica de 2016 esta dispon\u00edvel. Ele beneficia 1.490.266 contribuintes, totalizando mais de R$ 2,5 bilh\u00f5es. O lote multiexerc\u00edcio de restitui\u00e7\u00e3o do Imposto sobre a Renda da Pessoa F\u00edsica contempla tamb\u00e9m restitui\u00e7\u00f5es dos exerc\u00edcios de 2008 a 2015.<\/p>\n<p>O cr\u00e9dito banc\u00e1rio para 1.566.533 contribuintes ser\u00e1 realizado no dia 15 de julho, no valor de R$ 2,7 bilh\u00f5es. Desse total, R$ 951,6 milh\u00f5es se referem ao quantitativo de contribuintes que, por lei, t\u00eam prefer\u00eancia no recebimento da restitui\u00e7\u00e3o. S\u00e3o 477.147 contribuintes idosos e 51.310 contribuintes com alguma defici\u00eancia f\u00edsica ou mental ou mol\u00e9stia grave.<\/p>\n<p>A Receita disponibiliza aplicativo para tablets e smartphones, o que facilita a consulta \u00e0s declara\u00e7\u00f5es do Imposto de Renda e situa\u00e7\u00e3o Cadastro de Pessoa F\u00edsica &#8211; CPF. Com ele, ser\u00e1 poss\u00edvel analisar diretamente nas bases da Receita Federal informa\u00e7\u00f5es sobre libera\u00e7\u00e3o das restitui\u00e7\u00f5es do Imposto de Renda Pessoa F\u00edsica e a situa\u00e7\u00e3o cadastral de uma inscri\u00e7\u00e3o no CPF.<\/p>\n<p>A restitui\u00e7\u00e3o ficar\u00e1 dispon\u00edvel no banco durante um ano. Se o contribuinte n\u00e3o fizer o resgate nesse prazo, dever\u00e1 requerer, por meio da internet, mediante o Formul\u00e1rio Eletr\u00f4nico &#8211; Pedido de Pagamento de Restitui\u00e7\u00e3o, ou diretamente no servi\u00e7o virtual de atendimento da Receita, o e-CAC, em Extrato do Processamento da DIRPF.<\/p>\n<p>Caso o valor n\u00e3o seja creditado, o contribuinte poder\u00e1 entrar em contato com qualquer ag\u00eancia do Banco do Brasil ou ligar para a Central de Atendimento: 4004-0001 (capitais), 0800-729-0001 (demais localidades) e 0800-729-0088 (telefone especial exclusivo para deficientes auditivos) para agendar o cr\u00e9dito em conta-corrente ou poupan\u00e7a, em seu nome, em qualquer banco. Os valores que est\u00e3o restitu\u00eddos s\u00e3o corrigidos pela taxa b\u00e1sica de juros, a Selic.<\/p>\n<p>Da Ag\u00eancia Brasil<br \/>\nEdi\u00e7\u00e3o: Kleber Mota Vaz Sampaio<br \/>\n08\/07\/2016 <\/p>\n","protected":false},"excerpt":{"rendered":"<p>A consulta ao segundo lote de da Pessoa F\u00edsica de 2016 esta dispon\u00edvel. Ele beneficia 1.490.266 contribuintes, totalizando mais de R$ 2,5 bilh\u00f5es. O lote multiexerc\u00edcio de restitui\u00e7\u00e3o do Imposto sobre a Renda da Pessoa F\u00edsica contempla tamb\u00e9m restitui\u00e7\u00f5es dos exerc\u00edcios de 2008 a 2015. O cr\u00e9dito banc\u00e1rio para 1.566.533 contribuintes ser\u00e1 realizado no dia [&hellip;]<\/p>\n","protected":false},"author":2,"featured_media":23889,"comment_status":"open","ping_status":"closed","sticky":false,"template":"","format":"standard","meta":{"_genesis_hide_title":false,"_genesis_hide_breadcrumbs":false,"_genesis_hide_singular_image":false,"_genesis_hide_footer_widgets":false,"_genesis_custom_body_class":"","_genesis_custom_post_class":"","_genesis_layout":"","_jetpack_memberships_contains_paid_content":false,"footnotes":""},"categories":[22,7],"tags":[],"class_list":{"0":"post-89909","1":"post","2":"type-post","3":"status-publish","4":"format-standard","5":"has-post-thumbnail","7":"category-brasil","8":"category-economia","9":"entry","10":"gs-1","11":"gs-odd","12":"gs-even","13":"gs-featured-content-entry"},"jetpack_featured_media_url":"https:\/\/www.redenoticia.com.br\/noticia\/imagens\/receita-federal-irpf-2010.jpg","jetpack_sharing_enabled":true,"jetpack_likes_enabled":true,"_links":{"self":[{"href":"https:\/\/www.redenoticia.com.br\/noticia\/wp-json\/wp\/v2\/posts\/89909","targetHints":{"allow":["GET"]}}],"collection":[{"href":"https:\/\/www.redenoticia.com.br\/noticia\/wp-json\/wp\/v2\/posts"}],"about":[{"href":"https:\/\/www.redenoticia.com.br\/noticia\/wp-json\/wp\/v2\/types\/post"}],"author":[{"embeddable":true,"href":"https:\/\/www.redenoticia.com.br\/noticia\/wp-json\/wp\/v2\/users\/2"}],"replies":[{"embeddable":true,"href":"https:\/\/www.redenoticia.com.br\/noticia\/wp-json\/wp\/v2\/comments?post=89909"}],"version-history":[{"count":0,"href":"https:\/\/www.redenoticia.com.br\/noticia\/wp-json\/wp\/v2\/posts\/89909\/revisions"}],"wp:featuredmedia":[{"embeddable":true,"href":"https:\/\/www.redenoticia.com.br\/noticia\/wp-json\/wp\/v2\/media\/23889"}],"wp:attachment":[{"href":"https:\/\/www.redenoticia.com.br\/noticia\/wp-json\/wp\/v2\/media?parent=89909"}],"wp:term":[{"taxonomy":"category","embeddable":true,"href":"https:\/\/www.redenoticia.com.br\/noticia\/wp-json\/wp\/v2\/categories?post=89909"},{"taxonomy":"post_tag","embeddable":true,"href":"https:\/\/www.redenoticia.com.br\/noticia\/wp-json\/wp\/v2\/tags?post=89909"}],"curies":[{"name":"wp","href":"https:\/\/api.w.org\/{rel}","templated":true}]}}