{"id":89907,"date":"2016-07-08T10:10:04","date_gmt":"2016-07-08T13:10:04","guid":{"rendered":"http:\/\/www.redenoticia.com.br\/noticia\/?p=89907"},"modified":"2016-07-07T21:04:21","modified_gmt":"2016-07-08T00:04:21","slug":"inflacao-pelo-igp-di-fecha-semestre-com-alta-acumulada-de-602","status":"publish","type":"post","link":"https:\/\/www.redenoticia.com.br\/noticia\/2016\/inflacao-pelo-igp-di-fecha-semestre-com-alta-acumulada-de-602\/89907","title":{"rendered":"Infla\u00e7\u00e3o pelo IGP-DI fecha semestre com alta acumulada de 6,02%"},"content":{"rendered":"<p> A <strong><em>infla\u00e7\u00e3o<\/em><\/strong>, medida pelo \u00cdndice Geral de Pre\u00e7os \u2013 Disponibilidade Interna (IGP-DI), acelerou 0,5 ponto percentual de maio para junho, passando de 1,13% para 1,65%, entre um m\u00eas e outro. Com o resultado de junho, a alta acumulada no primeiro semestre do ano \u00e9 de 6,02%. J\u00e1 o resultado acumulado nos \u00faltimos 12 meses ficou em 12,32%.<\/p>\n<p>Os dados relativos ao IGP-DI foram divulgados pelo Instituto Brasileiro de Economia da Funda\u00e7\u00e3o Getulio Vargas (Ibre\/FGV). Em junho do ano passado, a alta havia sido de 0,68%. O IGP-DI de junho foi calculado com base nos pre\u00e7os coletados entre os dias 1\u00ba e 30 do m\u00eas de refer\u00eancia.<\/p>\n<p>A alta de maio para junho foi determinada pelo resultado dos pre\u00e7os ao produtor. Segundo a FGV, o \u00cdndice de Pre\u00e7os ao Produtor Amplo (IPA) registrou, em junho, varia\u00e7\u00e3o de 2,1%, com alta de 0,61 ponto percentual em rela\u00e7\u00e3o a 1,49% da varia\u00e7\u00e3o de maio.<\/p>\n<p>Bens Finais<\/p>\n<p>A principal contribui\u00e7\u00e3o para a alta do IPA, em junho, veio do \u00edndice relativo a Bens Finais, que apresentou varia\u00e7\u00e3o de 2,68% em rela\u00e7\u00e3o a 0,18% da alta de maio. O principal respons\u00e1vel por este movimento foi o subgrupo alimentos in natura. A taxa passou de 0,41% para 16,07%, seguida de Bens Intermedi\u00e1rios, cuja varia\u00e7\u00e3o subiu de 1,08% para 1,36% entre maio e junho. J\u00e1 no setor de Mat\u00e9rias-Primas Brutas, a taxa de varia\u00e7\u00e3o foi de 3,58% em maio para 2,22%, em junho, com destaque no sentido descendente para itens como min\u00e9rio de ferro (de 2,88% para -7,45%); milho (em gr\u00e3o) (de 9,61% para -0,23%) e laranja (8,33% para -6,15%).<\/p>\n<p>A retra\u00e7\u00e3o de 0,38 ponto percentual no \u00cdndice de Pre\u00e7os ao Consumidor (IPC), entre maio e junho, (de 0,64% para 0,26%) impediu uma alta ainda maior do IGP-DI de junho. Neste caso, houve queda em seis das oito classes de despesa componentes do \u00edndice, com a retra\u00e7\u00e3o de maior magnitude vindo do grupo Alimenta\u00e7\u00e3o, que chegou a cair 0,7 ponto percentual (de 0,77% para 0,07%) entre um per\u00edodo e outro. A FGV destaca o item frutas que, ao fechar com infla\u00e7\u00e3o negativa de 11,75%, acusou queda de 12,78 pontos percentuais.<\/p>\n<p>J\u00e1 o \u00cdndice Nacional de Custo da Constru\u00e7\u00e3o (INCC) teve, em junho, taxa de varia\u00e7\u00e3o de 1,93%, acima do resultado de maio: 0,08%. O \u00edndice relativo a Materiais, Equipamentos e Servi\u00e7os mostrou varia\u00e7\u00e3o de 0,23%. No m\u00eas anterior, a taxa havia sido de 0,07%. O \u00edndice que representa o custo da M\u00e3o de Obra acusou varia\u00e7\u00e3o de 3,43%. No m\u00eas anterior, este \u00edndice variou 0,09%.<\/p>\n<p>Nielmar de Oliveira &#8211; Rep\u00f3rter da Ag\u00eancia Brasil<br \/>\nEdi\u00e7\u00e3o: Kleber Sampaio<br \/>\n08\/07\/2016<\/p>\n","protected":false},"excerpt":{"rendered":"<p>A infla\u00e7\u00e3o, medida pelo \u00cdndice Geral de Pre\u00e7os \u2013 Disponibilidade Interna (IGP-DI), acelerou 0,5 ponto percentual de maio para junho, passando de 1,13% para 1,65%, entre um m\u00eas e outro. Com o resultado de junho, a alta acumulada no primeiro semestre do ano \u00e9 de 6,02%. J\u00e1 o resultado acumulado nos \u00faltimos 12 meses ficou [&hellip;]<\/p>\n","protected":false},"author":2,"featured_media":57584,"comment_status":"open","ping_status":"closed","sticky":false,"template":"","format":"standard","meta":{"_genesis_hide_title":false,"_genesis_hide_breadcrumbs":false,"_genesis_hide_singular_image":false,"_genesis_hide_footer_widgets":false,"_genesis_custom_body_class":"","_genesis_custom_post_class":"","_genesis_layout":"","_jetpack_memberships_contains_paid_content":false,"footnotes":""},"categories":[22,7],"tags":[],"class_list":{"0":"post-89907","1":"post","2":"type-post","3":"status-publish","4":"format-standard","5":"has-post-thumbnail","7":"category-brasil","8":"category-economia","9":"entry","10":"gs-1","11":"gs-odd","12":"gs-even","13":"gs-featured-content-entry"},"jetpack_featured_media_url":"https:\/\/www.redenoticia.com.br\/noticia\/imagens\/economia-grafica-analise-inflacao.jpg","jetpack_sharing_enabled":true,"jetpack_likes_enabled":true,"_links":{"self":[{"href":"https:\/\/www.redenoticia.com.br\/noticia\/wp-json\/wp\/v2\/posts\/89907","targetHints":{"allow":["GET"]}}],"collection":[{"href":"https:\/\/www.redenoticia.com.br\/noticia\/wp-json\/wp\/v2\/posts"}],"about":[{"href":"https:\/\/www.redenoticia.com.br\/noticia\/wp-json\/wp\/v2\/types\/post"}],"author":[{"embeddable":true,"href":"https:\/\/www.redenoticia.com.br\/noticia\/wp-json\/wp\/v2\/users\/2"}],"replies":[{"embeddable":true,"href":"https:\/\/www.redenoticia.com.br\/noticia\/wp-json\/wp\/v2\/comments?post=89907"}],"version-history":[{"count":0,"href":"https:\/\/www.redenoticia.com.br\/noticia\/wp-json\/wp\/v2\/posts\/89907\/revisions"}],"wp:featuredmedia":[{"embeddable":true,"href":"https:\/\/www.redenoticia.com.br\/noticia\/wp-json\/wp\/v2\/media\/57584"}],"wp:attachment":[{"href":"https:\/\/www.redenoticia.com.br\/noticia\/wp-json\/wp\/v2\/media?parent=89907"}],"wp:term":[{"taxonomy":"category","embeddable":true,"href":"https:\/\/www.redenoticia.com.br\/noticia\/wp-json\/wp\/v2\/categories?post=89907"},{"taxonomy":"post_tag","embeddable":true,"href":"https:\/\/www.redenoticia.com.br\/noticia\/wp-json\/wp\/v2\/tags?post=89907"}],"curies":[{"name":"wp","href":"https:\/\/api.w.org\/{rel}","templated":true}]}}