{"id":89905,"date":"2016-07-08T10:08:06","date_gmt":"2016-07-08T13:08:06","guid":{"rendered":"http:\/\/www.redenoticia.com.br\/noticia\/?p=89905"},"modified":"2016-07-07T21:03:00","modified_gmt":"2016-07-08T00:03:00","slug":"feijao-manteiga-e-leite-ficam-mais-caros-e-elevam-o-valor-da-cesta-basica","status":"publish","type":"post","link":"https:\/\/www.redenoticia.com.br\/noticia\/2016\/feijao-manteiga-e-leite-ficam-mais-caros-e-elevam-o-valor-da-cesta-basica\/89905","title":{"rendered":"Feij\u00e3o, manteiga e leite ficam mais caros e elevam o valor da cesta b\u00e1sica"},"content":{"rendered":"<p> O <strong><em>custo do conjunto de alimentos b\u00e1sicos<\/em><\/strong> aumentou, em junho, em 26 das 27 capitais, segundo pesquisa divulgada pelo Departamento Intersindical de Estat\u00edstica e Estudos Socioecon\u00f4micos (Dieese). De acordo com o levantamento, o feij\u00e3o, a manteiga e o leite s\u00e3o os produtos que mais tiveram impacto no custo da cesta b\u00e1sica no pa\u00eds.<\/p>\n<p>As maiores altas foram verificadas em Florian\u00f3polis (10,13%), Goi\u00e2nia (9,40%), Aracaju (9,25%) e Porto Velho (8,15%). A \u00fanica diminui\u00e7\u00e3o foi em Manaus (-0,54%). S\u00e3o Paulo foi a capital que registrou o maior custo para a cesta (R$ 469,02), seguida de Porto Alegre (R$ 465,03) e Florian\u00f3polis (R$ 463,24). Os menores valores m\u00e9dios foram observados em Natal (R$ 352,12) e Rio Branco (R$ 358,88).<\/p>\n<p>Entre janeiro e junho de 2016, todas as cidades acumularam alta, segundo o Dieese. As maiores varia\u00e7\u00f5es foram observadas em Goi\u00e2nia (25,59%), Aracaju (23,22%) e Bel\u00e9m (19,13%). Os menores aumentos ocorreram em Manaus (4,41%), Curitiba (6,31%) e Florian\u00f3polis (9,24%).<\/p>\n<p>Estimativa para o sal\u00e1rio m\u00ednimo<\/p>\n<p>O Dieese estima mensalmente o sal\u00e1rio m\u00ednimo necess\u00e1rio para suprir as despesas de um trabalhador e de sua fam\u00edlia, levando em considera\u00e7\u00e3o a determina\u00e7\u00e3o constitucional que estabelece que o valor deve ser suficiente para cobrir despesas com alimenta\u00e7\u00e3o, moradia, sa\u00fade, educa\u00e7\u00e3o, vestu\u00e1rio, higiene, transporte, lazer e previd\u00eancia.<\/p>\n<p>Com base na cesta mais cara, que em junho foi a de S\u00e3o Paulo, o sal\u00e1rio m\u00ednimo necess\u00e1rio para a manuten\u00e7\u00e3o de uma fam\u00edlia de quatro pessoas deveria equivaler a R$ 3.940,24, segundo o Dieese, o que representa 4,48 vezes mais do que o m\u00ednimo atual de R$ 880. Em maio, o m\u00ednimo necess\u00e1rio correspondeu a R$ 3.777,93, ou 4,29 vezes o piso vigente.<\/p>\n<p>Camila Boehm \u2013 Rep\u00f3rter da Ag\u00eancia Brasil<br \/>\nEdi\u00e7\u00e3o: Juliana Andrade<br \/>\n08\/07\/2016<\/p>\n","protected":false},"excerpt":{"rendered":"<p>O custo do conjunto de alimentos b\u00e1sicos aumentou, em junho, em 26 das 27 capitais, segundo pesquisa divulgada pelo Departamento Intersindical de Estat\u00edstica e Estudos Socioecon\u00f4micos (Dieese). De acordo com o levantamento, o feij\u00e3o, a manteiga e o leite s\u00e3o os produtos que mais tiveram impacto no custo da cesta b\u00e1sica no pa\u00eds. As maiores [&hellip;]<\/p>\n","protected":false},"author":2,"featured_media":57582,"comment_status":"open","ping_status":"closed","sticky":false,"template":"","format":"standard","meta":{"_genesis_hide_title":false,"_genesis_hide_breadcrumbs":false,"_genesis_hide_singular_image":false,"_genesis_hide_footer_widgets":false,"_genesis_custom_body_class":"","_genesis_custom_post_class":"","_genesis_layout":"","_jetpack_memberships_contains_paid_content":false,"footnotes":""},"categories":[22,7],"tags":[],"class_list":{"0":"post-89905","1":"post","2":"type-post","3":"status-publish","4":"format-standard","5":"has-post-thumbnail","7":"category-brasil","8":"category-economia","9":"entry","10":"gs-1","11":"gs-odd","12":"gs-even","13":"gs-featured-content-entry"},"jetpack_featured_media_url":"https:\/\/www.redenoticia.com.br\/noticia\/imagens\/grafico1.jpg","jetpack_sharing_enabled":true,"jetpack_likes_enabled":true,"_links":{"self":[{"href":"https:\/\/www.redenoticia.com.br\/noticia\/wp-json\/wp\/v2\/posts\/89905","targetHints":{"allow":["GET"]}}],"collection":[{"href":"https:\/\/www.redenoticia.com.br\/noticia\/wp-json\/wp\/v2\/posts"}],"about":[{"href":"https:\/\/www.redenoticia.com.br\/noticia\/wp-json\/wp\/v2\/types\/post"}],"author":[{"embeddable":true,"href":"https:\/\/www.redenoticia.com.br\/noticia\/wp-json\/wp\/v2\/users\/2"}],"replies":[{"embeddable":true,"href":"https:\/\/www.redenoticia.com.br\/noticia\/wp-json\/wp\/v2\/comments?post=89905"}],"version-history":[{"count":0,"href":"https:\/\/www.redenoticia.com.br\/noticia\/wp-json\/wp\/v2\/posts\/89905\/revisions"}],"wp:featuredmedia":[{"embeddable":true,"href":"https:\/\/www.redenoticia.com.br\/noticia\/wp-json\/wp\/v2\/media\/57582"}],"wp:attachment":[{"href":"https:\/\/www.redenoticia.com.br\/noticia\/wp-json\/wp\/v2\/media?parent=89905"}],"wp:term":[{"taxonomy":"category","embeddable":true,"href":"https:\/\/www.redenoticia.com.br\/noticia\/wp-json\/wp\/v2\/categories?post=89905"},{"taxonomy":"post_tag","embeddable":true,"href":"https:\/\/www.redenoticia.com.br\/noticia\/wp-json\/wp\/v2\/tags?post=89905"}],"curies":[{"name":"wp","href":"https:\/\/api.w.org\/{rel}","templated":true}]}}