{"id":89800,"date":"2016-07-07T10:10:36","date_gmt":"2016-07-07T13:10:36","guid":{"rendered":"http:\/\/www.redenoticia.com.br\/noticia\/?p=89800"},"modified":"2016-07-06T21:02:37","modified_gmt":"2016-07-07T00:02:37","slug":"precos-de-produtos-primarios-ficam-estaveis-em-junho","status":"publish","type":"post","link":"https:\/\/www.redenoticia.com.br\/noticia\/2016\/precos-de-produtos-primarios-ficam-estaveis-em-junho\/89800","title":{"rendered":"Pre\u00e7os de produtos prim\u00e1rios ficam est\u00e1veis em junho"},"content":{"rendered":"<p> Os <strong><em>pre\u00e7os das commodities<\/em><\/strong>, produtos prim\u00e1rios com cota\u00e7\u00e3o internacional, ficaram praticamente est\u00e1veis em junho. O \u00cdndice de Commodities Brasil (IC-Br), calculado mensalmente pelo Banco Central (BC), apresentou alta de 0,01% em junho na compara\u00e7\u00e3o com maio deste ano. Em 12 meses encerrados em junho, o \u00edndice teve alta de 9,35% e no acumulado do ano, queda de 4,62%.<\/p>\n<p>O IC-Br \u00e9 calculado com base na varia\u00e7\u00e3o em reais dos pre\u00e7os de produtos prim\u00e1rios (commodities) brasileiros negociados no exterior. O BC observa os produtos que s\u00e3o relevantes para a din\u00e2mica dos pre\u00e7os ao consumidor no Brasil.<\/p>\n<p>No m\u00eas passado, o segmento de energia (petr\u00f3leo, g\u00e1s natural e carv\u00e3o) registrou queda de 3,21%, enquanto o de metais (alum\u00ednio, min\u00e9rio de ferro, cobre, estanho, zinco, chumbo e n\u00edquel) apresentou retra\u00e7\u00e3o de 1,76%.<\/p>\n<p>O segmento agropecu\u00e1rio (carne de boi, algod\u00e3o, \u00f3leo de soja, trigo, a\u00e7\u00facar, milho, caf\u00e9, arroz e carne de porco) acusou alta de 0,79%.<\/p>\n<p>O \u00edndice internacional de pre\u00e7os de commodities CRB, calculado pelo Commodity Research Bureau, teve queda de 2,47% em junho e alta de 8,08%, em 12 meses.<\/p>\n<p>Kelly Oliveira &#8211; Rep\u00f3rter da Ag\u00eancia Brasil<br \/>\nEdi\u00e7\u00e3o: Kleber Sampaio<br \/>\n07\/07\/2016<\/p>\n","protected":false},"excerpt":{"rendered":"<p>Os pre\u00e7os das commodities, produtos prim\u00e1rios com cota\u00e7\u00e3o internacional, ficaram praticamente est\u00e1veis em junho. O \u00cdndice de Commodities Brasil (IC-Br), calculado mensalmente pelo Banco Central (BC), apresentou alta de 0,01% em junho na compara\u00e7\u00e3o com maio deste ano. Em 12 meses encerrados em junho, o \u00edndice teve alta de 9,35% e no acumulado do ano, [&hellip;]<\/p>\n","protected":false},"author":2,"featured_media":57584,"comment_status":"open","ping_status":"closed","sticky":false,"template":"","format":"standard","meta":{"_genesis_hide_title":false,"_genesis_hide_breadcrumbs":false,"_genesis_hide_singular_image":false,"_genesis_hide_footer_widgets":false,"_genesis_custom_body_class":"","_genesis_custom_post_class":"","_genesis_layout":"","_jetpack_memberships_contains_paid_content":false,"footnotes":""},"categories":[22,7],"tags":[],"class_list":{"0":"post-89800","1":"post","2":"type-post","3":"status-publish","4":"format-standard","5":"has-post-thumbnail","7":"category-brasil","8":"category-economia","9":"entry","10":"gs-1","11":"gs-odd","12":"gs-even","13":"gs-featured-content-entry"},"jetpack_featured_media_url":"https:\/\/www.redenoticia.com.br\/noticia\/imagens\/economia-grafica-analise-inflacao.jpg","jetpack_sharing_enabled":true,"jetpack_likes_enabled":true,"_links":{"self":[{"href":"https:\/\/www.redenoticia.com.br\/noticia\/wp-json\/wp\/v2\/posts\/89800","targetHints":{"allow":["GET"]}}],"collection":[{"href":"https:\/\/www.redenoticia.com.br\/noticia\/wp-json\/wp\/v2\/posts"}],"about":[{"href":"https:\/\/www.redenoticia.com.br\/noticia\/wp-json\/wp\/v2\/types\/post"}],"author":[{"embeddable":true,"href":"https:\/\/www.redenoticia.com.br\/noticia\/wp-json\/wp\/v2\/users\/2"}],"replies":[{"embeddable":true,"href":"https:\/\/www.redenoticia.com.br\/noticia\/wp-json\/wp\/v2\/comments?post=89800"}],"version-history":[{"count":0,"href":"https:\/\/www.redenoticia.com.br\/noticia\/wp-json\/wp\/v2\/posts\/89800\/revisions"}],"wp:featuredmedia":[{"embeddable":true,"href":"https:\/\/www.redenoticia.com.br\/noticia\/wp-json\/wp\/v2\/media\/57584"}],"wp:attachment":[{"href":"https:\/\/www.redenoticia.com.br\/noticia\/wp-json\/wp\/v2\/media?parent=89800"}],"wp:term":[{"taxonomy":"category","embeddable":true,"href":"https:\/\/www.redenoticia.com.br\/noticia\/wp-json\/wp\/v2\/categories?post=89800"},{"taxonomy":"post_tag","embeddable":true,"href":"https:\/\/www.redenoticia.com.br\/noticia\/wp-json\/wp\/v2\/tags?post=89800"}],"curies":[{"name":"wp","href":"https:\/\/api.w.org\/{rel}","templated":true}]}}