{"id":89798,"date":"2016-07-07T10:09:35","date_gmt":"2016-07-07T13:09:35","guid":{"rendered":"http:\/\/www.redenoticia.com.br\/noticia\/?p=89798"},"modified":"2016-07-06T21:01:32","modified_gmt":"2016-07-07T00:01:32","slug":"faturamento-da-industria-cai-38-em-maio-mostra-cni","status":"publish","type":"post","link":"https:\/\/www.redenoticia.com.br\/noticia\/2016\/faturamento-da-industria-cai-38-em-maio-mostra-cni\/89798","title":{"rendered":"Faturamento da ind\u00fastria cai 3,8% em maio, mostra CNI"},"content":{"rendered":"<p> O <strong><em>faturamento real da ind\u00fastria<\/em><\/strong> caiu 3,8% e as horas trabalhadas na produ\u00e7\u00e3o recuaram 3,6% em maio na compara\u00e7\u00e3o com abril, informou a Confedera\u00e7\u00e3o Nacional da Ind\u00fastria (CNI). De acordo com a pesquisa Indicadores Industriais de maio, com a queda no m\u00eas analisado, as horas trabalhadas na produ\u00e7\u00e3o alcan\u00e7aram o menor n\u00edvel desde 2003, quando come\u00e7ou a s\u00e9rie hist\u00f3rica.<\/p>\n<p>Segundo a confedera\u00e7\u00e3o, o faturamento real na ind\u00fastria teve retra\u00e7\u00e3o de 12,2% e as horas trabalhadas ca\u00edram 10,1% de janeiro a maio deste ano, na compara\u00e7\u00e3o com o mesmo per\u00edodo de 2015.<\/p>\n<p>A utiliza\u00e7\u00e3o da capacidade instalada em maio ficou em 77% (queda de 0,1 ponto percentual) \u2013 valor praticamente est\u00e1vel na compara\u00e7\u00e3o com abril. De acordo com a CNI, trata-se do menor percentual registrado desde o in\u00edcio da s\u00e9rie hist\u00f3rica, em 2003.<\/p>\n<p>A CNI informou que, com a ociosidade recorde, vendas e produ\u00e7\u00e3o em queda, a ind\u00fastria reduziu ainda o quadro de empregados. Conforme mostra a pesquisa, o emprego no setor caiu 0,8% em maio em rela\u00e7\u00e3o a abril e atingiu o menor n\u00edvel desde fevereiro de 2006. A queda acumulada de janeiro a maio foi de 9,3% em rela\u00e7\u00e3o ao mesmo per\u00edodo do ano passado.<\/p>\n<p>O levantamento tamb\u00e9m mostra que a massa real de sal\u00e1rios (total de sal\u00e1rios pagos na ind\u00fastria) diminuiu 1,7% em maio, e o rendimento m\u00e9dio dos trabalhadores no setor recuou 1% de abril para maio.<\/p>\n<p>Ciclo recessivo<\/p>\n<p>A CNI destaca que o ciclo recessivo na ind\u00fastria de transforma\u00e7\u00e3o persiste, e a atividade industrial permanece em queda. \u201cO ciclo recessivo que domina a ind\u00fastria h\u00e1 mais de dois anos continua. O mercado de trabalho segue deteriorado\u201d, disse o gerente executivo de Pol\u00edtica Econ\u00f4mica da CNI, Fl\u00e1vio Castelo Branco. \u201cO grau de confian\u00e7a ainda n\u00e3o \u00e9 suficientemente forte para a retomada da economia. H\u00e1 dificuldades no lado fiscal com d\u00e9ficit no setor p\u00fablico com magnitude muito forte. Medidas para reverter esse quadro s\u00e3o fundamentais.\u201d<\/p>\n<p>Ana Cristina Campos \u2013 Rep\u00f3rter da Ag\u00eancia Brasil<br \/>\nEdi\u00e7\u00e3o: Talita Cavalcante<br \/>\n07\/07\/2016<\/p>\n","protected":false},"excerpt":{"rendered":"<p>O faturamento real da ind\u00fastria caiu 3,8% e as horas trabalhadas na produ\u00e7\u00e3o recuaram 3,6% em maio na compara\u00e7\u00e3o com abril, informou a Confedera\u00e7\u00e3o Nacional da Ind\u00fastria (CNI). De acordo com a pesquisa Indicadores Industriais de maio, com a queda no m\u00eas analisado, as horas trabalhadas na produ\u00e7\u00e3o alcan\u00e7aram o menor n\u00edvel desde 2003, quando [&hellip;]<\/p>\n","protected":false},"author":2,"featured_media":38938,"comment_status":"open","ping_status":"closed","sticky":false,"template":"","format":"standard","meta":{"_genesis_hide_title":false,"_genesis_hide_breadcrumbs":false,"_genesis_hide_singular_image":false,"_genesis_hide_footer_widgets":false,"_genesis_custom_body_class":"","_genesis_custom_post_class":"","_genesis_layout":"","_jetpack_memberships_contains_paid_content":false,"footnotes":""},"categories":[22,7],"tags":[],"class_list":{"0":"post-89798","1":"post","2":"type-post","3":"status-publish","4":"format-standard","5":"has-post-thumbnail","7":"category-brasil","8":"category-economia","9":"entry","10":"gs-1","11":"gs-odd","12":"gs-even","13":"gs-featured-content-entry"},"jetpack_featured_media_url":"https:\/\/www.redenoticia.com.br\/noticia\/imagens\/economia1.jpg","jetpack_sharing_enabled":true,"jetpack_likes_enabled":true,"_links":{"self":[{"href":"https:\/\/www.redenoticia.com.br\/noticia\/wp-json\/wp\/v2\/posts\/89798","targetHints":{"allow":["GET"]}}],"collection":[{"href":"https:\/\/www.redenoticia.com.br\/noticia\/wp-json\/wp\/v2\/posts"}],"about":[{"href":"https:\/\/www.redenoticia.com.br\/noticia\/wp-json\/wp\/v2\/types\/post"}],"author":[{"embeddable":true,"href":"https:\/\/www.redenoticia.com.br\/noticia\/wp-json\/wp\/v2\/users\/2"}],"replies":[{"embeddable":true,"href":"https:\/\/www.redenoticia.com.br\/noticia\/wp-json\/wp\/v2\/comments?post=89798"}],"version-history":[{"count":0,"href":"https:\/\/www.redenoticia.com.br\/noticia\/wp-json\/wp\/v2\/posts\/89798\/revisions"}],"wp:featuredmedia":[{"embeddable":true,"href":"https:\/\/www.redenoticia.com.br\/noticia\/wp-json\/wp\/v2\/media\/38938"}],"wp:attachment":[{"href":"https:\/\/www.redenoticia.com.br\/noticia\/wp-json\/wp\/v2\/media?parent=89798"}],"wp:term":[{"taxonomy":"category","embeddable":true,"href":"https:\/\/www.redenoticia.com.br\/noticia\/wp-json\/wp\/v2\/categories?post=89798"},{"taxonomy":"post_tag","embeddable":true,"href":"https:\/\/www.redenoticia.com.br\/noticia\/wp-json\/wp\/v2\/tags?post=89798"}],"curies":[{"name":"wp","href":"https:\/\/api.w.org\/{rel}","templated":true}]}}