{"id":89796,"date":"2016-07-07T10:08:26","date_gmt":"2016-07-07T13:08:26","guid":{"rendered":"http:\/\/www.redenoticia.com.br\/noticia\/?p=89796"},"modified":"2016-07-06T21:00:30","modified_gmt":"2016-07-07T00:00:30","slug":"microempreendedor-154-dos-participantes-sao-do-comercio-e-reparacao","status":"publish","type":"post","link":"https:\/\/www.redenoticia.com.br\/noticia\/2016\/microempreendedor-154-dos-participantes-sao-do-comercio-e-reparacao\/89796","title":{"rendered":"Microempreendedor: 15,4% dos participantes s\u00e3o do com\u00e9rcio e repara\u00e7\u00e3o"},"content":{"rendered":"<p> Os <strong><em>microempreendedores<\/em><\/strong> individuais representavam 10,4% dos 18,2 milh\u00f5es de pessoas de 16 anos de idade ou mais, ocupadas em 2014 por conta pr\u00f3pria ou que tinham somente um empregado, em atividade n\u00e3o agr\u00edcola ou nos servi\u00e7os auxiliares da atividade agr\u00edcola no trabalho principal. De 1,9 milh\u00e3o de pessoas cadastradas no programa Microempreendedor Individual (MEI), 15,4% eram do com\u00e9rcio e repara\u00e7\u00e3o, maior percentual entre os setores, e 13,8% pertenciam ao grupamento outros servi\u00e7os coletivos, sociais e pessoais.<\/p>\n<p>As informa\u00e7\u00f5es fazem parte do suplemento Acesso ao Cadastro \u00danico e a Programas de Inclus\u00e3o Produtiva, da Pesquisa Nacional por Amostra de Domic\u00edlios (Pnad) 2014, divulgada pelo Instituto Brasileiro de Geografia e Estat\u00edstica (IBGE). A Regi\u00e3o Sul apresentou o maior percentual de pessoas cadastradas no programa MEI (15,4%). As regi\u00f5es Norte (4,7%) e Nordeste (6,9%) registraram percentuais menores que a m\u00e9dia nacional (10,4%).<\/p>\n<p>Segundo o IBGE, o rendimento m\u00e9dio mensal do trabalho principal dos cadastrados no MEI foi de R$ 2.448, 51,7% maior que o das n\u00e3o cadastradas, de R$ 1.614. Das 19,6 milh\u00f5es de pessoas de 16 anos de idade ou mais que trabalhavam por conta pr\u00f3pria ou eram empregadoras com at\u00e9 cinco empregados, em atividade n\u00e3o agr\u00edcola ou nos servi\u00e7os auxiliares da atividade agr\u00edcola no trabalho principal, 4,4% (870 mil) procuraram empr\u00e9stimo de microcr\u00e9dito em institui\u00e7\u00e3o financeira para o trabalho principal, no per\u00edodo de refer\u00eancia de tr\u00eas anos. Cerca de 4% do total conseguiram o dinheiro.<\/p>\n<p>Apenas 2,1% das pessoas sem rendimento a meio sal\u00e1rio m\u00ednimo obtiveram microcr\u00e9dito. Esse percentual foi de 7,3% para os que recebiam mais de cinco sal\u00e1rios m\u00ednimos. Na regi\u00e3o nordeste, houve os maiores percentuais de procura e de obten\u00e7\u00e3o do microcr\u00e9dito (5,9% e 5,5%, respectivamente), enquanto na regi\u00e3o norte, os menores (3,1% e 2,5%, respectivamente).<\/p>\n<p>Fortalecimento da agricultura<\/p>\n<p>O Programa Nacional de Fortalecimento da Agricultura Familiar (Pronaf) foi a principal fonte de financiamento agr\u00edcola em 2014 para 74,3% dos brasileiros aptos a acessarem os programas de inclus\u00e3o produtiva do governo federal, sobretudo, na regi\u00e3o sul (27,3%).<\/p>\n<p>O contingente que acessou cr\u00e9dito no pa\u00eds com esse perfil representou 12,8% dos 4,2 milh\u00f5es de pessoas de 16 anos de idade, ocupadas na semana de refer\u00eancia por conta pr\u00f3pria ou empregadoras sem empregados permanentes ou com at\u00e9 cinco empregados permanentes, em atividade agr\u00edcola, exceto servi\u00e7os auxiliares desta atividade. O Pronaf foi a fonte de financiamento de 396 mil pessoas, representando 9,5% dos 4,2 milh\u00f5es.<\/p>\n<p>A pesquisa registrou, ainda, que o Pronaf foi a principal fonte de financiamento de pessoas nas classes de rendimento inferiores a cinco sal\u00e1rios m\u00ednimos. Cerca de 19,6% desse grupo acessaram o Pronaf frente a 4,9% dos que acessaram financiamentos de outra fonte. J\u00e1 entre aqueles com rendimento mensal acima de cinco sal\u00e1rios m\u00ednimos, o percentual dos que recebiam financiamento do Pronaf foi igual ao dos que tinham financiamento de outra fonte (19,6%). <\/p>\n<p>Flavia Villela &#8211; Rep\u00f3rter da Ag\u00eancia Brasil<br \/>\nEdi\u00e7\u00e3o: Kleber Sampaio<br \/>\n07\/07\/2016<\/p>\n","protected":false},"excerpt":{"rendered":"<p>Os microempreendedores individuais representavam 10,4% dos 18,2 milh\u00f5es de pessoas de 16 anos de idade ou mais, ocupadas em 2014 por conta pr\u00f3pria ou que tinham somente um empregado, em atividade n\u00e3o agr\u00edcola ou nos servi\u00e7os auxiliares da atividade agr\u00edcola no trabalho principal. De 1,9 milh\u00e3o de pessoas cadastradas no programa Microempreendedor Individual (MEI), 15,4% [&hellip;]<\/p>\n","protected":false},"author":2,"featured_media":57585,"comment_status":"open","ping_status":"closed","sticky":false,"template":"","format":"standard","meta":{"_genesis_hide_title":false,"_genesis_hide_breadcrumbs":false,"_genesis_hide_singular_image":false,"_genesis_hide_footer_widgets":false,"_genesis_custom_body_class":"","_genesis_custom_post_class":"","_genesis_layout":"","_jetpack_memberships_contains_paid_content":false,"footnotes":""},"categories":[22,7],"tags":[],"class_list":{"0":"post-89796","1":"post","2":"type-post","3":"status-publish","4":"format-standard","5":"has-post-thumbnail","7":"category-brasil","8":"category-economia","9":"entry","10":"gs-1","11":"gs-odd","12":"gs-even","13":"gs-featured-content-entry"},"jetpack_featured_media_url":"https:\/\/www.redenoticia.com.br\/noticia\/imagens\/analise-economia.jpg","jetpack_sharing_enabled":true,"jetpack_likes_enabled":true,"_links":{"self":[{"href":"https:\/\/www.redenoticia.com.br\/noticia\/wp-json\/wp\/v2\/posts\/89796","targetHints":{"allow":["GET"]}}],"collection":[{"href":"https:\/\/www.redenoticia.com.br\/noticia\/wp-json\/wp\/v2\/posts"}],"about":[{"href":"https:\/\/www.redenoticia.com.br\/noticia\/wp-json\/wp\/v2\/types\/post"}],"author":[{"embeddable":true,"href":"https:\/\/www.redenoticia.com.br\/noticia\/wp-json\/wp\/v2\/users\/2"}],"replies":[{"embeddable":true,"href":"https:\/\/www.redenoticia.com.br\/noticia\/wp-json\/wp\/v2\/comments?post=89796"}],"version-history":[{"count":0,"href":"https:\/\/www.redenoticia.com.br\/noticia\/wp-json\/wp\/v2\/posts\/89796\/revisions"}],"wp:featuredmedia":[{"embeddable":true,"href":"https:\/\/www.redenoticia.com.br\/noticia\/wp-json\/wp\/v2\/media\/57585"}],"wp:attachment":[{"href":"https:\/\/www.redenoticia.com.br\/noticia\/wp-json\/wp\/v2\/media?parent=89796"}],"wp:term":[{"taxonomy":"category","embeddable":true,"href":"https:\/\/www.redenoticia.com.br\/noticia\/wp-json\/wp\/v2\/categories?post=89796"},{"taxonomy":"post_tag","embeddable":true,"href":"https:\/\/www.redenoticia.com.br\/noticia\/wp-json\/wp\/v2\/tags?post=89796"}],"curies":[{"name":"wp","href":"https:\/\/api.w.org\/{rel}","templated":true}]}}