{"id":89794,"date":"2016-07-07T10:06:20","date_gmt":"2016-07-07T13:06:20","guid":{"rendered":"http:\/\/www.redenoticia.com.br\/noticia\/?p=89794"},"modified":"2016-07-06T20:59:21","modified_gmt":"2016-07-06T23:59:21","slug":"museus-de-sp-preparam-programacao-especial-para-as-ferias","status":"publish","type":"post","link":"https:\/\/www.redenoticia.com.br\/noticia\/2016\/museus-de-sp-preparam-programacao-especial-para-as-ferias\/89794","title":{"rendered":"Museus de SP preparam programa\u00e7\u00e3o especial para as f\u00e9rias"},"content":{"rendered":"<p> Os <strong><em>museus de S\u00e3o Paulo<\/em><\/strong> prepararam uma programa\u00e7\u00e3o especial para o m\u00eas de julho, repleta de oficinas, brincadeiras, conta\u00e7\u00e3o de hist\u00f3rias e exposi\u00e7\u00f5es, com atividades para crian\u00e7as, adolescentes e adultos. Ao longo do m\u00eas, as atra\u00e7\u00f5es ser\u00e3o destacadas nas m\u00eddias sociais da Secretaria da Cultura, que convida os visitantes a registrarem suas visitas e publicarem nas redes sociais com a hashtag #feriasnosmuseus.<\/p>\n<p>Confira abaixo os principais destaques:<\/p>\n<p>Museu Catavento<br \/>\nA companhia de teatro BuZum! se apresenta nos dias 7, 8, 9 e 10 de julho (quinta a domingo), com sess\u00f5es entre 10h e 16h. Dos dias 15 a 17 de julho, das 9h \u00e0s 17h, as crian\u00e7as participam da atividade Na Pista Certa, que aborda o conceito de tr\u00e2nsito, sinaliza\u00e7\u00e3o vi\u00e1ria e import\u00e2ncia das regras de conviv\u00eancia de valores; J\u00e1 o Viver com Sa\u00fade, que tem como mote a import\u00e2ncia da alimenta\u00e7\u00e3o saud\u00e1vel, conta com sess\u00f5es entre 13 e 17 de julho (quarta a domingo), das 11h30 \u00e0s 14h30.<\/p>\n<p>Sucesso de p\u00fablico, Qu\u00edmica em Show, far\u00e1 experimentos diversos de 19 a 31 de julho, \u00e0s 10h30, 12h e 14h. Haver\u00e1 tamb\u00e9m a oficina de Experimentos Cient\u00edficos nos dias 16 e 17 de julho \u201cLIGHT PAINTING \u2013 desenhando com a luz\u201d de ter\u00e7a a sexta: (10h, 11h, 14h e 15h) e de s\u00e1bado e domingo (10h, 11h, 12h, 14h, 15h e 16h) e Est\u00fadio de TV \u2013 Programa\u00e7\u00e3o Mata Atl\u00e2ntica, para os visitantes serem rep\u00f3rteres de aventura no Est\u00fadio de TV do Catavento por um dia, com sess\u00f5es \u00e0s 10h, 11h, 12h, 13h, 14h, 15h e 16h. Para mais informa\u00e7\u00f5es, acesse\u00a0.<\/p>\n<p>Museu da Imigra\u00e7\u00e3o<br \/>\nDe 6 a 31 de julho, as crian\u00e7as poder\u00e3o visitar o espa\u00e7o Mundo de Brincar. Haver\u00e1 tamb\u00e9m um cantinho da leitura com atividades educativas de quarta a domingo, das 11h \u00e0s 17h. J\u00e1 no dia 26, \u00e0s 15h, haver\u00e1 apresenta\u00e7\u00e3o teatral &#8220;Cartas Libanesas&#8221; em celebra\u00e7\u00e3o ao Dia do Av\u00f4. Mais informa\u00e7\u00f5es no site\u00a0.<\/p>\n<p>Pinacoteca de S\u00e3o Paulo<br \/>\nAos s\u00e1bados e domingo, a Pinacoteca realiza duas atividades: o JogaJunto e o Pinafam\u00edlia, ambas das 11h \u00e0s 15h. Ainda no m\u00eas de julho, a Educateca disponibilizar\u00e1 tamb\u00e9m empr\u00e9stimo de jogos, basta deixar um documento de identifica\u00e7\u00e3o com foto. Informa\u00e7\u00f5es em\u00a0.<\/p>\n<p>Pa\u00e7o das Artes<br \/>\nA programa\u00e7\u00e3o Pa\u00e7o Crian\u00e7a &#8211; Oficina de Performance \u00a0ser\u00e1 realizada todas as \u00a0quartas-feiras de julho, das 14h \u00e0s 17h, na Oficina Cultural Oswald de Andrade. Destinada ao p\u00fablico infantil (de 7 a 10 anos), a a\u00e7\u00e3o visa introduzir a linguagem da performance para crian\u00e7as, tendo como refer\u00eancia de pesquisa a exposi\u00e7\u00e3o ISSO\u00c9OSSODISSO, de Lenora de Barros. Mais informa\u00e7\u00f5es em.<\/p>\n<p>Museu de Arte Sacra<br \/>\nNos s\u00e1bados de julho ser\u00e3o realizadas oficinas de desenho como recorda\u00e7\u00e3o da visita, de acordo com a tem\u00e1tica. Dia \u00a09 de julho o tema \u00e9 Desenho de Figura Humana; 16 de julho Desenho de Paisagem\/Arquitetura; 23 de julho Desenho de Natureza e 30 de julho Desenho de Moda. A atividade \u00e9 livre para todos os p\u00fablicos. Mais informa\u00e7\u00f5es em\u00a0.<\/p>\n<p>Casa das Rosas<br \/>\nAs tardes de domingo ser\u00e3o repletas de conta\u00e7\u00e3o de hist\u00f3rias como \u201cHist\u00f3rias para enganar a morte\u201d (03 de julho), \u201c\u00c9 Hora da Hist\u00f3ria\u201d, (17 de julho) e \u201cGrimmist\u00f3rias em tons de ouro\u201d, (24 de julho), sempre \u00e0s 15h. \u00a0Adultos e crian\u00e7as ser\u00e3o levados a viajar pelas narrativas dos contos. Mais informa\u00e7\u00f5es em\u00a0.<\/p>\n<p>MIS-SP<br \/>\nA Super Maratona Infantil ser\u00e1 nos dias 02 e 03 (s\u00e1bado e domingo), das 10h \u00e0s 17h, com espa\u00e7o para troca de figurinhas, oficina de jogos antigos, oficina de terr\u00e1rio, conta\u00e7\u00e3o de hist\u00f3rias e teatro. Para participar \u00e9 necess\u00e1rio retirar ingressos com uma hora de anteced\u00eancia na bilheteria do Museu. Mais informa\u00e7\u00f5es em\u00a0.<\/p>\n<p>Museu da Casa Brasileira<br \/>\nO espa\u00e7o oferece oficinas e atividades durante o m\u00eas. Conversa no Quintal ser\u00e1 nos domingos 10 e 24, \u00e0s 14h e a Oficina de Desenho no dia 16 (s\u00e1bado), \u00e0s 14h30; Haver\u00e1 apresenta\u00e7\u00e3o dos Embatucadores, no dia 16 (s\u00e1bado), \u00e0s 10h; Oficina Casinha \u00a0nas quartas-feiras 6 e 20, com sess\u00f5es \u00e0s 10h e \u00e0s 14h30; \u00a0Desenho sua Casa \u00a0nos dias 07, 14, 21 e 28 de julho das 10h30 \u00e0s 12h; Era uma Casa Muito Engra\u00e7ada, com encontros dias 06 e 20 de julho das 19h \u00e0s 21h. Mais informa\u00e7\u00f5es em\u00a0.<\/p>\n<p>Museu Afro Brasil<br \/>\nAs Brincadeiras do Congo ocorrem \u00e0s ter\u00e7as e quintas, com sess\u00f5es \u00e0s 11h30 e \u00e0s 15h30 e de quartas e sextas, \u00e0s 9h30 e \u00e0s 13h30, tendo como ponto de partida as visitas mediadas \u00e0 exposi\u00e7\u00e3o de longa dura\u00e7\u00e3o; dia 2 de julho (s\u00e1bado), \u00e0s 10h30, ter\u00e1 a visita Kotambola ya bana, para explorar o acervo de maneira l\u00fadica; No dia 30 de julho (s\u00e1bado), \u00e0s 11h, \u00e9 a vez da conta\u00e7\u00e3o de hist\u00f3rias africanas ou afro-brasileiras Aos P\u00e9s do Baob\u00e1; \u00a0J\u00e1 \u00e0s 14h, o Museu promove a oficina \u00a0Bingana, onde a mat\u00e9ria-prima \u00e9 a palavra, para refletir sobre prov\u00e9rbios apresentados em tr\u00eas l\u00ednguas: portugu\u00eas, quicongo e lingala (l\u00ednguas faladas no Congo). Mais informa\u00e7\u00f5es em\u00a0.<\/p>\n<p>Casa Guilherme de Almeida<br \/>\nCom programa\u00e7\u00e3o \u00e9 voltada para os jovens e adultos , o Museu-Casa traz a oficina Caderno de mem\u00f3rias, no domingo, 03 de julho, \u00e0s 14h30. Os participantes ser\u00e3o estimulados a criar seu pr\u00f3prio di\u00e1rio, a partir de uma conversa com e sobre as pr\u00f3prias mem\u00f3rias individuais e coletivas. J\u00e1 o curso de tradu\u00e7\u00e3o de letras de Rap Estadunidense ser\u00e1 ministrado \u00e0s ter\u00e7as-feiras, 12, 19 e 26, e quinta-feira, 28 de julho, das 14h \u00e0s 17h. Os participantes traduzir\u00e3o letras das m\u00fasicas e cada tradu\u00e7\u00e3o revelar\u00e1 novos desafios e poss\u00edveis solu\u00e7\u00f5es. N\u00e3o \u00e9 necess\u00e1rio dom\u00ednio da l\u00edngua inglesa para participar das aulas: ser\u00e3o fornecidas tradu\u00e7\u00f5es literais de cada letra a ser trabalhada. Mais informa\u00e7\u00f5es em\u00a0.<\/p>\n<p>Memorial da Resist\u00eancia<br \/>\nTodos os domingos de julho, das 15h00 \u00e0s 16h30, o espa\u00e7o recebe apresenta\u00e7\u00f5es da pe\u00e7a teatral \u201cE n\u00f3s que am\u00e1vamos tanto a revolu\u00e7\u00e3o\u201d, do grupo Opine Produ\u00e7\u00f5es Art\u00edsticas e Kamaleoa Junt\u00f3. O espet\u00e1culo aborda a forma realista de situa\u00e7\u00e3o dos presos pol\u00edticos durante a ditadura militar no Brasil. Mais informa\u00e7\u00f5es no site\u00a0.<\/p>\n<p>Museu do Futebol<br \/>\nSer\u00e3o realizadas atividades para as crian\u00e7as brincarem de atletas ol\u00edmpicos. Bolas, instrumentos esportivos, mesa de pingue-pongue e at\u00e9 um p\u00f3dio com medalhas para brincar de ser campe\u00e3o e entrar no clima do maior evento esportivo do mundo. Mais informa\u00e7\u00f5es no site .<\/p>\n<p>Museu do Caf\u00e9<br \/>\nLocalizado em Santos, o museu ter\u00e1 uma programa\u00e7\u00e3o especial de 6 a 31 de julho no Espa\u00e7o Caf\u00e9 com Leite, sempre de quarta a domingo, das 11h \u00e0s 17h. Haver\u00e1 atra\u00e7\u00f5es para crian\u00e7as, jogos educativos, brinquedos, conta\u00e7\u00f5es de hist\u00f3rias, oficina de Minibarista, teatro de fantoche e cantinho de leitura. Mais informa\u00e7\u00f5es em\u00a0.<\/p>\n<p>Para conhecer a programa\u00e7\u00e3o cultural de todo o estado, acesse a <\/p>\n<p>Do Portal do Governo do Estado SP<\/p>\n","protected":false},"excerpt":{"rendered":"<p>Os museus de S\u00e3o Paulo prepararam uma programa\u00e7\u00e3o especial para o m\u00eas de julho, repleta de oficinas, brincadeiras, conta\u00e7\u00e3o de hist\u00f3rias e exposi\u00e7\u00f5es, com atividades para crian\u00e7as, adolescentes e adultos. Ao longo do m\u00eas, as atra\u00e7\u00f5es ser\u00e3o destacadas nas m\u00eddias sociais da Secretaria da Cultura, que convida os visitantes a registrarem suas visitas e publicarem [&hellip;]<\/p>\n","protected":false},"author":2,"featured_media":28951,"comment_status":"open","ping_status":"closed","sticky":false,"template":"","format":"standard","meta":{"_genesis_hide_title":false,"_genesis_hide_breadcrumbs":false,"_genesis_hide_singular_image":false,"_genesis_hide_footer_widgets":false,"_genesis_custom_body_class":"","_genesis_custom_post_class":"","_genesis_layout":"","_jetpack_memberships_contains_paid_content":false,"footnotes":""},"categories":[22],"tags":[],"class_list":{"0":"post-89794","1":"post","2":"type-post","3":"status-publish","4":"format-standard","5":"has-post-thumbnail","7":"category-brasil","8":"entry","9":"gs-1","10":"gs-odd","11":"gs-even","12":"gs-featured-content-entry"},"jetpack_featured_media_url":"https:\/\/www.redenoticia.com.br\/noticia\/imagens\/concurso-inscricao-vagas-ate.jpg","jetpack_sharing_enabled":true,"jetpack_likes_enabled":true,"_links":{"self":[{"href":"https:\/\/www.redenoticia.com.br\/noticia\/wp-json\/wp\/v2\/posts\/89794","targetHints":{"allow":["GET"]}}],"collection":[{"href":"https:\/\/www.redenoticia.com.br\/noticia\/wp-json\/wp\/v2\/posts"}],"about":[{"href":"https:\/\/www.redenoticia.com.br\/noticia\/wp-json\/wp\/v2\/types\/post"}],"author":[{"embeddable":true,"href":"https:\/\/www.redenoticia.com.br\/noticia\/wp-json\/wp\/v2\/users\/2"}],"replies":[{"embeddable":true,"href":"https:\/\/www.redenoticia.com.br\/noticia\/wp-json\/wp\/v2\/comments?post=89794"}],"version-history":[{"count":0,"href":"https:\/\/www.redenoticia.com.br\/noticia\/wp-json\/wp\/v2\/posts\/89794\/revisions"}],"wp:featuredmedia":[{"embeddable":true,"href":"https:\/\/www.redenoticia.com.br\/noticia\/wp-json\/wp\/v2\/media\/28951"}],"wp:attachment":[{"href":"https:\/\/www.redenoticia.com.br\/noticia\/wp-json\/wp\/v2\/media?parent=89794"}],"wp:term":[{"taxonomy":"category","embeddable":true,"href":"https:\/\/www.redenoticia.com.br\/noticia\/wp-json\/wp\/v2\/categories?post=89794"},{"taxonomy":"post_tag","embeddable":true,"href":"https:\/\/www.redenoticia.com.br\/noticia\/wp-json\/wp\/v2\/tags?post=89794"}],"curies":[{"name":"wp","href":"https:\/\/api.w.org\/{rel}","templated":true}]}}