{"id":89702,"date":"2016-07-06T10:09:08","date_gmt":"2016-07-06T13:09:08","guid":{"rendered":"http:\/\/www.redenoticia.com.br\/noticia\/?p=89702"},"modified":"2016-07-05T17:05:55","modified_gmt":"2016-07-05T20:05:55","slug":"brasileiros-ja-pagaram-este-ano-r-1-trilhao-em-impostos-e-taxas","status":"publish","type":"post","link":"https:\/\/www.redenoticia.com.br\/noticia\/2016\/brasileiros-ja-pagaram-este-ano-r-1-trilhao-em-impostos-e-taxas\/89702","title":{"rendered":"Brasileiros j\u00e1 pagaram este ano R$ 1 trilh\u00e3o em impostos e taxas"},"content":{"rendered":"<p> O <strong><em>impost\u00f4metro<\/em><\/strong> da Associa\u00e7\u00e3o Comercial de S\u00e3o Paulo (ACSP), localizada na regi\u00e3o central da capital paulista, atingiu na ter\u00e7a (5), \u00e0s 13h30, a marca de R$ 1 trilh\u00e3o, valor que abrange o total de impostos, taxas e contribui\u00e7\u00f5es pagas pela popula\u00e7\u00e3o brasileira nos tr\u00eas n\u00edveis de governo (municipal, estadual e federal) desde 1\u00ba de janeiro de 2016.<\/p>\n<p>Segundo a ACSP, no ano passado esse valor foi alcan\u00e7ado no dia 29 de junho e o atraso deste ano est\u00e1 associado \u00e0 queda na arrecada\u00e7\u00e3o, decorrente da crise que atinge o pa\u00eds e enfraquece a atividade econ\u00f4mica. \u201cMesmo com esse enfraquecimento, o painel chega a R$ 1 trilh\u00e3o em fun\u00e7\u00e3o do avan\u00e7o da infla\u00e7\u00e3o. Com pre\u00e7os mais altos, o consumidor desembolsa, tamb\u00e9m, maiores valores em impostos, j\u00e1 que esses s\u00e3o calculados sobre o pre\u00e7o final das mercadorias e servi\u00e7os\u201d, diz a ACSP.<\/p>\n<p>PIB estagnado<\/p>\n<p>Para o presidente da ACSP, Alencar Burti, o atual governo precisa focar nos gastos de m\u00e9dio prazo e deixar a economia se recuperar, j\u00e1 que, embora o Produto Interno Bruto (a soma de todas as riquezas produzidas no pa\u00eds) n\u00e3o tenha previs\u00e3o de crescimento para este ano, h\u00e1 ind\u00edcios de melhoria para todos os setores da economia no segundo semestre.<\/p>\n<p>\u201cDefendemos que n\u00e3o deve haver aumento de impostos, porque isso s\u00f3 pioraria a situa\u00e7\u00e3o. Apesar dos aumentos realizados pela administra\u00e7\u00e3o anterior, vimos que a arrecada\u00e7\u00e3o n\u00e3o melhorou em nada. Ou seja, n\u00e3o surtiu nenhum efeito nos cofres do governo. E a carga tribut\u00e1ria j\u00e1 est\u00e1 no limite\u201d, finalizou Burti.<\/p>\n<p>Flavia Albuquerque &#8211; Rep\u00f3rter da Ag\u00eancia Brasil<br \/>\nEdi\u00e7\u00e3o: Kleber Sampaio<br \/>\n06\/07\/2016<\/p>\n","protected":false},"excerpt":{"rendered":"<p>O impost\u00f4metro da Associa\u00e7\u00e3o Comercial de S\u00e3o Paulo (ACSP), localizada na regi\u00e3o central da capital paulista, atingiu na ter\u00e7a (5), \u00e0s 13h30, a marca de R$ 1 trilh\u00e3o, valor que abrange o total de impostos, taxas e contribui\u00e7\u00f5es pagas pela popula\u00e7\u00e3o brasileira nos tr\u00eas n\u00edveis de governo (municipal, estadual e federal) desde 1\u00ba de janeiro [&hellip;]<\/p>\n","protected":false},"author":2,"featured_media":40734,"comment_status":"open","ping_status":"closed","sticky":false,"template":"","format":"standard","meta":{"_genesis_hide_title":false,"_genesis_hide_breadcrumbs":false,"_genesis_hide_singular_image":false,"_genesis_hide_footer_widgets":false,"_genesis_custom_body_class":"","_genesis_custom_post_class":"","_genesis_layout":"","_jetpack_memberships_contains_paid_content":false,"footnotes":""},"categories":[22,7],"tags":[],"class_list":{"0":"post-89702","1":"post","2":"type-post","3":"status-publish","4":"format-standard","5":"has-post-thumbnail","7":"category-brasil","8":"category-economia","9":"entry","10":"gs-1","11":"gs-odd","12":"gs-even","13":"gs-featured-content-entry"},"jetpack_featured_media_url":"https:\/\/www.redenoticia.com.br\/noticia\/imagens\/economia-resultados.jpg","jetpack_sharing_enabled":true,"jetpack_likes_enabled":true,"_links":{"self":[{"href":"https:\/\/www.redenoticia.com.br\/noticia\/wp-json\/wp\/v2\/posts\/89702","targetHints":{"allow":["GET"]}}],"collection":[{"href":"https:\/\/www.redenoticia.com.br\/noticia\/wp-json\/wp\/v2\/posts"}],"about":[{"href":"https:\/\/www.redenoticia.com.br\/noticia\/wp-json\/wp\/v2\/types\/post"}],"author":[{"embeddable":true,"href":"https:\/\/www.redenoticia.com.br\/noticia\/wp-json\/wp\/v2\/users\/2"}],"replies":[{"embeddable":true,"href":"https:\/\/www.redenoticia.com.br\/noticia\/wp-json\/wp\/v2\/comments?post=89702"}],"version-history":[{"count":0,"href":"https:\/\/www.redenoticia.com.br\/noticia\/wp-json\/wp\/v2\/posts\/89702\/revisions"}],"wp:featuredmedia":[{"embeddable":true,"href":"https:\/\/www.redenoticia.com.br\/noticia\/wp-json\/wp\/v2\/media\/40734"}],"wp:attachment":[{"href":"https:\/\/www.redenoticia.com.br\/noticia\/wp-json\/wp\/v2\/media?parent=89702"}],"wp:term":[{"taxonomy":"category","embeddable":true,"href":"https:\/\/www.redenoticia.com.br\/noticia\/wp-json\/wp\/v2\/categories?post=89702"},{"taxonomy":"post_tag","embeddable":true,"href":"https:\/\/www.redenoticia.com.br\/noticia\/wp-json\/wp\/v2\/tags?post=89702"}],"curies":[{"name":"wp","href":"https:\/\/api.w.org\/{rel}","templated":true}]}}