{"id":89698,"date":"2016-07-06T10:07:57","date_gmt":"2016-07-06T13:07:57","guid":{"rendered":"http:\/\/www.redenoticia.com.br\/noticia\/?p=89698"},"modified":"2016-07-05T17:03:55","modified_gmt":"2016-07-05T20:03:55","slug":"inflacao-para-familias-com-renda-mais-baixa-e-de-952-em-12-meses","status":"publish","type":"post","link":"https:\/\/www.redenoticia.com.br\/noticia\/2016\/inflacao-para-familias-com-renda-mais-baixa-e-de-952-em-12-meses\/89698","title":{"rendered":"Infla\u00e7\u00e3o para fam\u00edlias com renda mais baixa \u00e9 de 9,52% em 12 meses"},"content":{"rendered":"<p> O <strong><em>\u00cdndice de Pre\u00e7os ao Consumidor<\/em><\/strong> &#8211; Classe 1 (IPC-C1), que mede a varia\u00e7\u00e3o dos pre\u00e7os da cesta de compras para fam\u00edlias com renda at\u00e9 2,5 sal\u00e1rios m\u00ednimos, registrou infla\u00e7\u00e3o de 0,57% em junho deste ano. A taxa \u00e9 menor que a de maio (0,84%), segundo dados divulgados pela Funda\u00e7\u00e3o Getulio Vargas (FGV).<\/p>\n<p>O IPC-C1 acumula 5,28% no ano e 9,52% em 12 meses. As taxas registradas para fam\u00edlias com renda at\u00e9 2,5 sal\u00e1rios m\u00ednimos s\u00e3o superiores \u00e0 infla\u00e7\u00e3o m\u00e9dia para todas as faixas de renda, medida pelo \u00cdndice de Pre\u00e7os ao Consumidor \u2013 Brasil (IPC-BR).<\/p>\n<p>Em junho deste ano, o IPC-BR teve taxa de 0,26%. J\u00e1 no acumulado de 12 meses, o IPC-BR ficou em 8,54%.<\/p>\n<p>A queda do IPC-C1 na passagem de maio para junho foi provocada por recuos em cinco das oito classes de despesa que comp\u00f5em o \u00edndice: sa\u00fade e cuidados pessoais (a taxa passou de 1,71% em maio para 0,38% em junho), despesas diversas (de 4,31% para 0,40%), habita\u00e7\u00e3o (de 1,18% para 0,90%), vestu\u00e1rio (de 0,48% para 0,33%) e comunica\u00e7\u00e3o (de 0,22% para 0,18%).<\/p>\n<p>Por outro lado, tr\u00eas grupos tiveram alta: alimenta\u00e7\u00e3o (de 0,53% para 0,68%), transportes (de -0,40% para -0,01%) e educa\u00e7\u00e3o, leitura e recrea\u00e7\u00e3o (de 0,16% para 0,50%).<\/p>\n<p>Vitor Abdala \u2013 Rep\u00f3rter da Ag\u00eancia Brasil<br \/>\nEdi\u00e7\u00e3o: Kleber Sampaio<br \/>\n06\/07\/2016<\/p>\n","protected":false},"excerpt":{"rendered":"<p>O \u00cdndice de Pre\u00e7os ao Consumidor &#8211; Classe 1 (IPC-C1), que mede a varia\u00e7\u00e3o dos pre\u00e7os da cesta de compras para fam\u00edlias com renda at\u00e9 2,5 sal\u00e1rios m\u00ednimos, registrou infla\u00e7\u00e3o de 0,57% em junho deste ano. A taxa \u00e9 menor que a de maio (0,84%), segundo dados divulgados pela Funda\u00e7\u00e3o Getulio Vargas (FGV). O IPC-C1 [&hellip;]<\/p>\n","protected":false},"author":2,"featured_media":34916,"comment_status":"open","ping_status":"closed","sticky":false,"template":"","format":"standard","meta":{"_genesis_hide_title":false,"_genesis_hide_breadcrumbs":false,"_genesis_hide_singular_image":false,"_genesis_hide_footer_widgets":false,"_genesis_custom_body_class":"","_genesis_custom_post_class":"","_genesis_layout":"","_jetpack_memberships_contains_paid_content":false,"footnotes":""},"categories":[22,7],"tags":[],"class_list":{"0":"post-89698","1":"post","2":"type-post","3":"status-publish","4":"format-standard","5":"has-post-thumbnail","7":"category-brasil","8":"category-economia","9":"entry","10":"gs-1","11":"gs-odd","12":"gs-even","13":"gs-featured-content-entry"},"jetpack_featured_media_url":"https:\/\/www.redenoticia.com.br\/noticia\/imagens\/inflacao.jpg","jetpack_sharing_enabled":true,"jetpack_likes_enabled":true,"_links":{"self":[{"href":"https:\/\/www.redenoticia.com.br\/noticia\/wp-json\/wp\/v2\/posts\/89698","targetHints":{"allow":["GET"]}}],"collection":[{"href":"https:\/\/www.redenoticia.com.br\/noticia\/wp-json\/wp\/v2\/posts"}],"about":[{"href":"https:\/\/www.redenoticia.com.br\/noticia\/wp-json\/wp\/v2\/types\/post"}],"author":[{"embeddable":true,"href":"https:\/\/www.redenoticia.com.br\/noticia\/wp-json\/wp\/v2\/users\/2"}],"replies":[{"embeddable":true,"href":"https:\/\/www.redenoticia.com.br\/noticia\/wp-json\/wp\/v2\/comments?post=89698"}],"version-history":[{"count":0,"href":"https:\/\/www.redenoticia.com.br\/noticia\/wp-json\/wp\/v2\/posts\/89698\/revisions"}],"wp:featuredmedia":[{"embeddable":true,"href":"https:\/\/www.redenoticia.com.br\/noticia\/wp-json\/wp\/v2\/media\/34916"}],"wp:attachment":[{"href":"https:\/\/www.redenoticia.com.br\/noticia\/wp-json\/wp\/v2\/media?parent=89698"}],"wp:term":[{"taxonomy":"category","embeddable":true,"href":"https:\/\/www.redenoticia.com.br\/noticia\/wp-json\/wp\/v2\/categories?post=89698"},{"taxonomy":"post_tag","embeddable":true,"href":"https:\/\/www.redenoticia.com.br\/noticia\/wp-json\/wp\/v2\/tags?post=89698"}],"curies":[{"name":"wp","href":"https:\/\/api.w.org\/{rel}","templated":true}]}}