{"id":89696,"date":"2016-07-06T10:06:01","date_gmt":"2016-07-06T13:06:01","guid":{"rendered":"http:\/\/www.redenoticia.com.br\/noticia\/?p=89696"},"modified":"2016-07-05T17:02:53","modified_gmt":"2016-07-05T20:02:53","slug":"vendas-de-veiculos-automotores-caem-215-no-primeiro-semestre-de-2016","status":"publish","type":"post","link":"https:\/\/www.redenoticia.com.br\/noticia\/2016\/vendas-de-veiculos-automotores-caem-215-no-primeiro-semestre-de-2016\/89696","title":{"rendered":"Vendas de ve\u00edculos automotores caem 21,5% no primeiro semestre de 2016"},"content":{"rendered":"<p> A quantidade de <strong><em>ve\u00edculos automotores<\/em><\/strong> (autom\u00f3veis, comerciais leves, caminh\u00f5es, \u00f4nibus e motocicletas) novos vendidos no primeiro semestre de 2016 totalizou 1.592.746 unidades, 21,51% a menos que o registrado no mesmo per\u00edodo do ano passado. Considerados apenas os segmentos de autom\u00f3veis e comerciais leves, houve queda de 25,09% nas vendas no primeiro semestre de 2016 (951.206) em compara\u00e7\u00e3o ao mesmo per\u00edodo de 2015 (1.269.817). Os dados foram divulgados pela Federa\u00e7\u00e3o Nacional da Distribui\u00e7\u00e3o de Ve\u00edculos Automotores (Fenabrave).<\/p>\n<p>No m\u00eas de junho as vendas gerais totalizaram 263.570 unidades, 0,41% inferior a maio, e 19,05% a menos que o registrado no mesmo m\u00eas de 2015. As vendas dos segmentos de autom\u00f3veis e comerciais leves chegaram a 166.410 unidades em junho, alta de 2,6% em rela\u00e7\u00e3o a maio e queda de 18,67% em compara\u00e7\u00e3o ao mesmo m\u00eas de 2015.<\/p>\n<p>\u201cJ\u00e1 estamos notando uma melhora nos \u00edndices de confian\u00e7a, tanto por parte de consumidores como de investidores, mas n\u00e3o imaginamos grandes mudan\u00e7as nos dados do setor at\u00e9 que o cen\u00e1rio pol\u00edtico se defina. Os n\u00fameros do setor apontam que retornamos uma d\u00e9cada em resultados de vendas\u201d, disse em nota o presidente da Fenabrave, Alarico Assump\u00e7\u00e3o Jr.<\/p>\n<p>Bruno Bocchini &#8211; Rep\u00f3rter da Ag\u00eancia Brasil<br \/>\nEdi\u00e7\u00e3o: F\u00e1bio Massalli<br \/>\n06\/07\/2016<\/p>\n","protected":false},"excerpt":{"rendered":"<p>A quantidade de ve\u00edculos automotores (autom\u00f3veis, comerciais leves, caminh\u00f5es, \u00f4nibus e motocicletas) novos vendidos no primeiro semestre de 2016 totalizou 1.592.746 unidades, 21,51% a menos que o registrado no mesmo per\u00edodo do ano passado. Considerados apenas os segmentos de autom\u00f3veis e comerciais leves, houve queda de 25,09% nas vendas no primeiro semestre de 2016 (951.206) [&hellip;]<\/p>\n","protected":false},"author":2,"featured_media":57585,"comment_status":"open","ping_status":"closed","sticky":false,"template":"","format":"standard","meta":{"_genesis_hide_title":false,"_genesis_hide_breadcrumbs":false,"_genesis_hide_singular_image":false,"_genesis_hide_footer_widgets":false,"_genesis_custom_body_class":"","_genesis_custom_post_class":"","_genesis_layout":"","_jetpack_memberships_contains_paid_content":false,"footnotes":""},"categories":[22,7],"tags":[],"class_list":{"0":"post-89696","1":"post","2":"type-post","3":"status-publish","4":"format-standard","5":"has-post-thumbnail","7":"category-brasil","8":"category-economia","9":"entry","10":"gs-1","11":"gs-odd","12":"gs-even","13":"gs-featured-content-entry"},"jetpack_featured_media_url":"https:\/\/www.redenoticia.com.br\/noticia\/imagens\/analise-economia.jpg","jetpack_sharing_enabled":true,"jetpack_likes_enabled":true,"_links":{"self":[{"href":"https:\/\/www.redenoticia.com.br\/noticia\/wp-json\/wp\/v2\/posts\/89696","targetHints":{"allow":["GET"]}}],"collection":[{"href":"https:\/\/www.redenoticia.com.br\/noticia\/wp-json\/wp\/v2\/posts"}],"about":[{"href":"https:\/\/www.redenoticia.com.br\/noticia\/wp-json\/wp\/v2\/types\/post"}],"author":[{"embeddable":true,"href":"https:\/\/www.redenoticia.com.br\/noticia\/wp-json\/wp\/v2\/users\/2"}],"replies":[{"embeddable":true,"href":"https:\/\/www.redenoticia.com.br\/noticia\/wp-json\/wp\/v2\/comments?post=89696"}],"version-history":[{"count":0,"href":"https:\/\/www.redenoticia.com.br\/noticia\/wp-json\/wp\/v2\/posts\/89696\/revisions"}],"wp:featuredmedia":[{"embeddable":true,"href":"https:\/\/www.redenoticia.com.br\/noticia\/wp-json\/wp\/v2\/media\/57585"}],"wp:attachment":[{"href":"https:\/\/www.redenoticia.com.br\/noticia\/wp-json\/wp\/v2\/media?parent=89696"}],"wp:term":[{"taxonomy":"category","embeddable":true,"href":"https:\/\/www.redenoticia.com.br\/noticia\/wp-json\/wp\/v2\/categories?post=89696"},{"taxonomy":"post_tag","embeddable":true,"href":"https:\/\/www.redenoticia.com.br\/noticia\/wp-json\/wp\/v2\/tags?post=89696"}],"curies":[{"name":"wp","href":"https:\/\/api.w.org\/{rel}","templated":true}]}}