{"id":89598,"date":"2016-07-05T10:12:34","date_gmt":"2016-07-05T13:12:34","guid":{"rendered":"http:\/\/www.redenoticia.com.br\/noticia\/?p=89598"},"modified":"2016-07-04T15:14:15","modified_gmt":"2016-07-04T18:14:15","slug":"mercado-reduz-para-727-projecao-da-inflacao-em-2016","status":"publish","type":"post","link":"https:\/\/www.redenoticia.com.br\/noticia\/2016\/mercado-reduz-para-727-projecao-da-inflacao-em-2016\/89598","title":{"rendered":"Mercado reduz para 7,27% proje\u00e7\u00e3o da infla\u00e7\u00e3o em 2016"},"content":{"rendered":"<p> Depois de seis semanas seguidas em alta, a proje\u00e7\u00e3o de institui\u00e7\u00f5es financeiras para a <strong><em>infla\u00e7\u00e3o<\/em><\/strong>, medida pelo \u00cdndice Nacional de Pre\u00e7os ao Consumidor Amplo (IPCA), foi levemente reduzida ao passar de 7,29% para 7,27%. Para 2017, tamb\u00e9m caiu: de 5,50% para 5,43%. As estimativas fazem parte de pesquisa feita todas as semanas pelo Banco Central (BC) e divulgada \u00e0s segundas-feiras.<\/p>\n<p>Os c\u00e1lculos est\u00e3o longe do centro da meta de infla\u00e7\u00e3o de 4,5%. O limite superior da meta de infla\u00e7\u00e3o \u00e9 6,5%, este ano e 6% em 2017.<\/p>\n<p>No \u00faltimo dia 28, o presidente do BC, Ilan Goldfajn, disse que alcan\u00e7ar o centro da meta de infla\u00e7\u00e3o, em 4,5%, em 2017, \u00e9 uma expectativa ambiciosa e cr\u00edvel. Para Goldfajn, atingir esse objetivo \u00e9 algo ambicioso porque a infla\u00e7\u00e3o em 2015 foi \u201cmais que o dobro da meta\u201d.<\/p>\n<p>\u201cO ano de 2015 foi de choque, infla\u00e7\u00e3o muito elevada, em parte devido \u00e0 deprecia\u00e7\u00e3o forte [do real], a infla\u00e7\u00e3o de [pre\u00e7os] administrados muito forte. Desde ent\u00e3o, o objetivo do regime de metas tem sido fazer a converg\u00eancia de volta para o centro da meta\u201d, disse, ao divulgar o Relat\u00f3rio de Infla\u00e7\u00e3o.<\/p>\n<p> Meta inflacion\u00e1ria<\/p>\n<p>\u00c9 fun\u00e7\u00e3o do BC fazer com que a infla\u00e7\u00e3o fique dentro da meta. Um dos instrumentos usados para influenciar a atividade econ\u00f4mica e, consequentemente, a infla\u00e7\u00e3o, \u00e9 a taxa b\u00e1sica de juros, a Selic.<\/p>\n<p>Quando o Comit\u00ea de Pol\u00edtica Monet\u00e1ria (Copom) do Banco Central aumenta a Selic, o objetivo \u00e9 conter a demanda aquecida, e isso gera reflexos nos pre\u00e7os, porque os juros mais altos encarecem o cr\u00e9dito e estimulam a poupan\u00e7a. J\u00e1 quando o Copom reduz os juros b\u00e1sicos, a tend\u00eancia \u00e9 que o cr\u00e9dito fique mais barato, com incentivo \u00e0 produ\u00e7\u00e3o e ao consumo, mas a medida alivia o controle sobre a infla\u00e7\u00e3o.<\/p>\n<p>O BC tem que encontrar equil\u00edbrio ao tomar decis\u00f5es sobre a taxa b\u00e1sica de juros, de modo a fazer com que a infla\u00e7\u00e3o fique dentro da meta estabelecida pelo Conselho Monet\u00e1rio Nacional. Atualmente, a Selic est\u00e1 em 14,25% ao ano.<\/p>\n<p>A expectativa das institui\u00e7\u00f5es financeiras para a taxa ao final de 2016 segue em 13,25% ao ano. Para o fim de 2017, a expectativa para a taxa b\u00e1sica permanece em 11% ao ano.<\/p>\n<p>A estimativa de institui\u00e7\u00f5es financeiras para a queda do Produto Interno Bruto (PIB), soma de todos os bens e servi\u00e7os produzidos no pa\u00eds, foi altera de 3,44% para 3,35%, neste ano. Para 2017, a estimativa de crescimento \u00e9 mantida em 1%, h\u00e1 tr\u00eas semanas.<\/p>\n<p>A proje\u00e7\u00e3o para a cota\u00e7\u00e3o do d\u00f3lar foi alterada de R$ 3,60 para R$ 3,46, ao final de 2016, e de R$ 3,80 para R$ 3,70, no fim de 2017.<\/p>\n<p>Kelly Oliveira &#8211; Rep\u00f3rter da Ag\u00eancia Brasil<br \/>\nEdi\u00e7\u00e3o: Kleber Sampaio<br \/>\n05\/07\/2016 <\/p>\n","protected":false},"excerpt":{"rendered":"<p>Depois de seis semanas seguidas em alta, a proje\u00e7\u00e3o de institui\u00e7\u00f5es financeiras para a infla\u00e7\u00e3o, medida pelo \u00cdndice Nacional de Pre\u00e7os ao Consumidor Amplo (IPCA), foi levemente reduzida ao passar de 7,29% para 7,27%. Para 2017, tamb\u00e9m caiu: de 5,50% para 5,43%. As estimativas fazem parte de pesquisa feita todas as semanas pelo Banco Central [&hellip;]<\/p>\n","protected":false},"author":2,"featured_media":57583,"comment_status":"open","ping_status":"closed","sticky":false,"template":"","format":"standard","meta":{"_genesis_hide_title":false,"_genesis_hide_breadcrumbs":false,"_genesis_hide_singular_image":false,"_genesis_hide_footer_widgets":false,"_genesis_custom_body_class":"","_genesis_custom_post_class":"","_genesis_layout":"","_jetpack_memberships_contains_paid_content":false,"footnotes":""},"categories":[22,7],"tags":[],"class_list":{"0":"post-89598","1":"post","2":"type-post","3":"status-publish","4":"format-standard","5":"has-post-thumbnail","7":"category-brasil","8":"category-economia","9":"entry","10":"gs-1","11":"gs-odd","12":"gs-even","13":"gs-featured-content-entry"},"jetpack_featured_media_url":"https:\/\/www.redenoticia.com.br\/noticia\/imagens\/economia-grafico.jpg","jetpack_sharing_enabled":true,"jetpack_likes_enabled":true,"_links":{"self":[{"href":"https:\/\/www.redenoticia.com.br\/noticia\/wp-json\/wp\/v2\/posts\/89598","targetHints":{"allow":["GET"]}}],"collection":[{"href":"https:\/\/www.redenoticia.com.br\/noticia\/wp-json\/wp\/v2\/posts"}],"about":[{"href":"https:\/\/www.redenoticia.com.br\/noticia\/wp-json\/wp\/v2\/types\/post"}],"author":[{"embeddable":true,"href":"https:\/\/www.redenoticia.com.br\/noticia\/wp-json\/wp\/v2\/users\/2"}],"replies":[{"embeddable":true,"href":"https:\/\/www.redenoticia.com.br\/noticia\/wp-json\/wp\/v2\/comments?post=89598"}],"version-history":[{"count":0,"href":"https:\/\/www.redenoticia.com.br\/noticia\/wp-json\/wp\/v2\/posts\/89598\/revisions"}],"wp:featuredmedia":[{"embeddable":true,"href":"https:\/\/www.redenoticia.com.br\/noticia\/wp-json\/wp\/v2\/media\/57583"}],"wp:attachment":[{"href":"https:\/\/www.redenoticia.com.br\/noticia\/wp-json\/wp\/v2\/media?parent=89598"}],"wp:term":[{"taxonomy":"category","embeddable":true,"href":"https:\/\/www.redenoticia.com.br\/noticia\/wp-json\/wp\/v2\/categories?post=89598"},{"taxonomy":"post_tag","embeddable":true,"href":"https:\/\/www.redenoticia.com.br\/noticia\/wp-json\/wp\/v2\/tags?post=89598"}],"curies":[{"name":"wp","href":"https:\/\/api.w.org\/{rel}","templated":true}]}}