{"id":89596,"date":"2016-07-05T10:11:14","date_gmt":"2016-07-05T13:11:14","guid":{"rendered":"http:\/\/www.redenoticia.com.br\/noticia\/?p=89596"},"modified":"2016-07-04T15:12:27","modified_gmt":"2016-07-04T18:12:27","slug":"ipc-s-cai-em-sete-capitais-entre-maio-e-junho","status":"publish","type":"post","link":"https:\/\/www.redenoticia.com.br\/noticia\/2016\/ipc-s-cai-em-sete-capitais-entre-maio-e-junho\/89596","title":{"rendered":"IPC-S cai em sete capitais entre maio e junho"},"content":{"rendered":"<p> A <strong><em>infla\u00e7\u00e3o<\/em><\/strong>, medida pelo \u00cdndice de Pre\u00e7os ao Consumidor Semanal (IPC-S), caiu nas sete capitais pesquisadas pela Funda\u00e7\u00e3o Getulio Vargas (FGV), na passagem de maio para junho. A maior queda foi em Salvador: 0,82 ponto percentual, ao passar de 0,84% em maio para 0,02% em junho.<\/p>\n<p>Tamb\u00e9m apresentaram quedas superiores \u00e0 m\u00e9dia nacional (de 0,38 ponto percentual), o Rio de Janeiro (0,56 ponto percentual, indo de 0,69% para 0,13%) e Recife (0,54 ponto percentual, de 0,68% para 0,14%).<\/p>\n<p>As demais capitais tiveram as seguintes quedas na taxa de infla\u00e7\u00e3o: Belo Horizonte (0,34 ponto percentual, de 0,69% para 0,35%), Porto Alegre (0,23 ponto percentual, de 0,55% para 0,32%), S\u00e3o Paulo (0,23 ponto percentual, de 0,64% para 0,41%) e Bras\u00edlia (0,02 ponto percentual, de 0,28% para 0,26%).<\/p>\n<p>A m\u00e9dia nacional do IPC-S, divulgado na \u00faltima semana, chegou a 0,26% em junho, depois de recuar 0,38 ponto percentual.<\/p>\n<p>Vitor Abdala \u2013 Rep\u00f3rter da Ag\u00eancia Brasil<br \/>\nEdi\u00e7\u00e3o: Kleber Sampaio<br \/>\n05\/07\/2016<br \/>\n&#8212;<br \/>\nA Empresa Brasil de Comunica\u00e7\u00e3o \u00e9 uma institui\u00e7\u00e3o da democracia brasileira: p\u00fablica, inclusiva e cidad\u00e3.  Criada em 2007 para fortalecer o sistema p\u00fablico de comunica\u00e7\u00e3o, \u00e9 gestora dos canais TV Brasil, TV Brasil Internacional, Ag\u00eancia Brasil, Radioag\u00eancia Nacional e do sistema p\u00fablico de R\u00e1dio \u2013 composto por oito emissoras. Estes, por sua independ\u00eancia editorial, distinguem-se dos canais estatais ou governamentais, com conte\u00fados diferenciados e complementares aos canais privados. Os ve\u00edculos da EBC t\u00eam autonomia para definir produ\u00e7\u00e3o, programa\u00e7\u00e3o e distribui\u00e7\u00e3o de conte\u00fados.<\/p>\n","protected":false},"excerpt":{"rendered":"<p>A infla\u00e7\u00e3o, medida pelo \u00cdndice de Pre\u00e7os ao Consumidor Semanal (IPC-S), caiu nas sete capitais pesquisadas pela Funda\u00e7\u00e3o Getulio Vargas (FGV), na passagem de maio para junho. A maior queda foi em Salvador: 0,82 ponto percentual, ao passar de 0,84% em maio para 0,02% em junho. Tamb\u00e9m apresentaram quedas superiores \u00e0 m\u00e9dia nacional (de 0,38 [&hellip;]<\/p>\n","protected":false},"author":2,"featured_media":57584,"comment_status":"open","ping_status":"closed","sticky":false,"template":"","format":"standard","meta":{"_genesis_hide_title":false,"_genesis_hide_breadcrumbs":false,"_genesis_hide_singular_image":false,"_genesis_hide_footer_widgets":false,"_genesis_custom_body_class":"","_genesis_custom_post_class":"","_genesis_layout":"","_jetpack_memberships_contains_paid_content":false,"footnotes":""},"categories":[22,7],"tags":[],"class_list":{"0":"post-89596","1":"post","2":"type-post","3":"status-publish","4":"format-standard","5":"has-post-thumbnail","7":"category-brasil","8":"category-economia","9":"entry","10":"gs-1","11":"gs-odd","12":"gs-even","13":"gs-featured-content-entry"},"jetpack_featured_media_url":"https:\/\/www.redenoticia.com.br\/noticia\/imagens\/economia-grafica-analise-inflacao.jpg","jetpack_sharing_enabled":true,"jetpack_likes_enabled":true,"_links":{"self":[{"href":"https:\/\/www.redenoticia.com.br\/noticia\/wp-json\/wp\/v2\/posts\/89596","targetHints":{"allow":["GET"]}}],"collection":[{"href":"https:\/\/www.redenoticia.com.br\/noticia\/wp-json\/wp\/v2\/posts"}],"about":[{"href":"https:\/\/www.redenoticia.com.br\/noticia\/wp-json\/wp\/v2\/types\/post"}],"author":[{"embeddable":true,"href":"https:\/\/www.redenoticia.com.br\/noticia\/wp-json\/wp\/v2\/users\/2"}],"replies":[{"embeddable":true,"href":"https:\/\/www.redenoticia.com.br\/noticia\/wp-json\/wp\/v2\/comments?post=89596"}],"version-history":[{"count":0,"href":"https:\/\/www.redenoticia.com.br\/noticia\/wp-json\/wp\/v2\/posts\/89596\/revisions"}],"wp:featuredmedia":[{"embeddable":true,"href":"https:\/\/www.redenoticia.com.br\/noticia\/wp-json\/wp\/v2\/media\/57584"}],"wp:attachment":[{"href":"https:\/\/www.redenoticia.com.br\/noticia\/wp-json\/wp\/v2\/media?parent=89596"}],"wp:term":[{"taxonomy":"category","embeddable":true,"href":"https:\/\/www.redenoticia.com.br\/noticia\/wp-json\/wp\/v2\/categories?post=89596"},{"taxonomy":"post_tag","embeddable":true,"href":"https:\/\/www.redenoticia.com.br\/noticia\/wp-json\/wp\/v2\/tags?post=89596"}],"curies":[{"name":"wp","href":"https:\/\/api.w.org\/{rel}","templated":true}]}}