{"id":89590,"date":"2016-07-05T10:06:25","date_gmt":"2016-07-05T13:06:25","guid":{"rendered":"http:\/\/www.redenoticia.com.br\/noticia\/?p=89590"},"modified":"2016-07-04T15:07:54","modified_gmt":"2016-07-04T18:07:54","slug":"nas-ferias-de-julho-conheca-imoveis-historicos-no-litoral-e-interior-de-sp","status":"publish","type":"post","link":"https:\/\/www.redenoticia.com.br\/noticia\/2016\/nas-ferias-de-julho-conheca-imoveis-historicos-no-litoral-e-interior-de-sp\/89590","title":{"rendered":"Nas f\u00e9rias de julho, conhe\u00e7a im\u00f3veis hist\u00f3ricos no litoral e interior de SP"},"content":{"rendered":"<p> Para aproveitar as f\u00e9rias de julho, a Secretaria de Estado da Cultura listou alguns <strong><em>patrim\u00f4nios tombados pelo Condephaat<\/em><\/strong> (Conselho de Defesa do Patrim\u00f4nio Hist\u00f3rico, Arqueol\u00f3gico, Art\u00edstico e Tur\u00edstico do Estado de S\u00e3o Paulo) e que guardam a mem\u00f3ria de gera\u00e7\u00f5es no interior e Litoral. <\/p>\n<p>Entre os destaques est\u00e3o o Centro Hist\u00f3rico de S\u00e3o Luiz do Paraitinga, Teatro de S\u00e3o Jo\u00e3o da Boa Vista, Museu do Caf\u00e9, em Santos e Museu Fel\u00edcia Leirner, em Campos do Jord\u00e3o, onde tamb\u00e9m ocorre a , de 2 a 31 de julho.<\/p>\n<p>Confira:<\/p>\n<p>SANTOS<br \/>\nMuseu do Caf\u00e9 (Antiga Bolsa Oficial do Caf\u00e9)<br \/>\nA Bolsa do Caf\u00e9 foi criada para atender o movimento comercial do caf\u00e9 na cidade de Santos, em fun\u00e7\u00e3o da expans\u00e3o ferrovi\u00e1ria e do escoamento do produto para o exterior atrav\u00e9s do seu porto. At\u00e9 1929, as atividades da institui\u00e7\u00e3o foram intensas, mas, acompanhando a crise mundial, a Bolsa entrou em decl\u00ednio, culminando com o seu fechamento em 1937. Projetado pela Companhia Construtora de Santos, sob a dire\u00e7\u00e3o do engenheiro Roberto Simonsen, o edif\u00edcio, em estilo ecl\u00e9tico, foi conclu\u00eddo em 1922. Na constru\u00e7\u00e3o, empregou-se m\u00e1rmore de Carrara no piso, vitrais coloridos e pain\u00e9is pintados por Benedito Calixto. Desde 1998, abriga o Museu do Caf\u00e9, onde \u00e9 poss\u00edvel conferir o acervo do espa\u00e7o e degustar de deliciosos caf\u00e9s. \u00a0Ao passar por Santos, n\u00e3o deixe de visitar tamb\u00e9m o Museu de Arte Sacra, antigo Mosteiro de S\u00e3o Bento, \u00a0na rua Santa Joana D\u2019Arc, 795. Ambos s\u00e3o tombados pelo Condephaat.<br \/>\nEndere\u00e7o: Rua XV de Novembro, 95 \u2013 Centro Hist\u00f3rico \u2013 Santos (SP)<\/p>\n<p>CAMPOS DO JORD\u00c3O<br \/>\nMuseu Fel\u00edcia Leirner (Antiga resid\u00eancia da artista Fel\u00edcia Leirner)<br \/>\nO Museu Fel\u00edcia Leirner, em Campos do Jord\u00e3o, pertence a Secretaria da Cultura do Estado e foi inaugurado em 1978, pela artista que d\u00e1 nome ao museu. Fel\u00edcia nasceu na Vars\u00f3via (Pol\u00f4nia), em 1904 e veio para o Brasil, pa\u00eds que adotou como p\u00e1tria, em 1927. Caracter\u00edstica marcante de sua personalidade era a paix\u00e3o pelos animais e a natureza, refletida em suas obras. Em 1962, a artista trocou a cidade de S\u00e3o Paulo por Campos do Jord\u00e3o em busca de uma vida mais simples junto \u00e0 natureza. Em 1982, concluiu sua produ\u00e7\u00e3o para o Museu, que pode ser conferida pelos visitantes e moradores da regi\u00e3o, com atividades e oficinas durante todo ano. Ao passar pela cidade de Campos do Jord\u00e3o, aproveite para conferir tamb\u00e9m a , de 2 a 31 de julho, com intensa programa\u00e7\u00e3o pedag\u00f3gica e uma gama representativa de concertos sinf\u00f4nicos e de c\u00e2mara \u2013 a maioria gratuitos \u2013, que contam com a participa\u00e7\u00e3o de renomados artistas nacionais e internacionais.<br \/>\nEndere\u00e7o: Av. Dr. Lu\u00eds Arrobas Martins, n\u00ba 1880 &#8211; Alto da Boa Vista \u2013 Campos do Jord\u00e3o (SP)<\/p>\n<p>S\u00c3O LUIZ DO PARAITINGA<br \/>\nCentro Hist\u00f3rico de S\u00e3o Luiz do Paraitinga<br \/>\nLocalizada no topo da Serra do Mar, a meio caminho entre Taubat\u00e9 e Ubatuba, a cidade de S\u00e3o Luiz do Paraitinga teve sua funda\u00e7\u00e3o oficial em 1769. No s\u00e9culo XIX, a economia cafeeira promoveu o desenvolvimento da regi\u00e3o, refletindo sobre S\u00e3o Luiz do Paraitinga que, al\u00e9m de produzir uma variedade de g\u00eaneros agr\u00edcolas, tornou-se centro de abastecimento das tropas que transportavam o caf\u00e9 do Vale do Para\u00edba para o litoral. A cidade possui \u00e1reas de grandes sobrados, predominantemente do s\u00e9culo XIX. O conjunto \u00e9 formado por 171 edifica\u00e7\u00f5es, em sua maior parte, de uso residencial. Al\u00e9m disso, h\u00e1 262 casas populares, de um ou dois pavimentos, de uso residencial e pequeno com\u00e9rcio. Ao passar pela cidade, n\u00e3o deixe de visitar o Museu Oswaldo Cruz, onde nasceu o conceituado m\u00e9dico sanitarista, na Rua Oswaldo Cruz, 4, Centro. Ambos s\u00e3o tombado pelo Condephaat.<br \/>\nEndere\u00e7o: S\u00e3o Luiz do Paraitinga fica a 173,8 km de S\u00e3o Paulo<\/p>\n<p>SANTANA DE PARNA\u00cdBA<br \/>\nCapela de Nossa Senhora da Concei\u00e7\u00e3o<br \/>\nAo passar por Santana de Parana\u00edba, visite a Capela de Nossa Senhora da Concei\u00e7\u00e3o, patrim\u00f4nio tombado pelo Condephaat, que foi constru\u00edda em 1687. A capela, de pequenas dimens\u00f5es, foi constru\u00edda em taipa de pil\u00e3o e pau-a-pique. Em seu interior, encontra-se um ret\u00e1bulo em talha dourada e pintada, duas imagens e dois tocheiros antropomorfos. A capela foi praticamente reconstru\u00edda, restando pouco da constru\u00e7\u00e3o original.<br \/>\nEndere\u00e7o: Estrada da Capela Velha, s\/n, Voturuna \u2013 Santana do Parna\u00edba (SP) <\/p>\n<p>S\u00c3O JO\u00c3O DA BOA VISTA<br \/>\nTeatro S\u00e3o Jo\u00e3o da Boa Vista<br \/>\nEm 1911, a proposta de se construir um teatro na cidade era tema de discuss\u00f5es na C\u00e2mara Municipal que, inicialmente, concedeu permiss\u00e3o ao major Jos\u00e9 Evangelista de Almeida para execut\u00e1-lo, e, em seguida, \u00e0 Sociedade An\u00f4nima Companhia Teatral Sanjoanense. O edif\u00edcio, de s\u00f3lida constru\u00e7\u00e3o, foi projetado pelo arquiteto italiano J. Pucci e constru\u00eddo por Antonio Lanzac. A estrutura met\u00e1lica e o cimento utilizados vieram da Alemanha e, as telhas, de Marselha, na Fran\u00e7a. Ap\u00f3s o tombamento, pelo Condephaat, em 1981, teve in\u00edcio a obra de restaura\u00e7\u00e3o. No ano 2000 o pr\u00e9dio recebeu uma s\u00e9rie de melhorias e hoje \u00e9 aberto para visita\u00e7\u00e3o.<br \/>\nEndere\u00e7o: Pra\u00e7a da Catedral, 22, esquina com a Rua Antonina Junqueira \u2013 S\u00e3o Jo\u00e3o da Boa Vista (SP)<\/p>\n<p>As informa\u00e7\u00f5es s\u00e3o da .<\/p>\n<p>Do Portal do Governo do Estado SP<\/p>\n","protected":false},"excerpt":{"rendered":"<p>Para aproveitar as f\u00e9rias de julho, a Secretaria de Estado da Cultura listou alguns patrim\u00f4nios tombados pelo Condephaat (Conselho de Defesa do Patrim\u00f4nio Hist\u00f3rico, Arqueol\u00f3gico, Art\u00edstico e Tur\u00edstico do Estado de S\u00e3o Paulo) e que guardam a mem\u00f3ria de gera\u00e7\u00f5es no interior e Litoral. Entre os destaques est\u00e3o o Centro Hist\u00f3rico de S\u00e3o Luiz do [&hellip;]<\/p>\n","protected":false},"author":2,"featured_media":39993,"comment_status":"open","ping_status":"closed","sticky":false,"template":"","format":"standard","meta":{"_genesis_hide_title":false,"_genesis_hide_breadcrumbs":false,"_genesis_hide_singular_image":false,"_genesis_hide_footer_widgets":false,"_genesis_custom_body_class":"","_genesis_custom_post_class":"","_genesis_layout":"","_jetpack_memberships_contains_paid_content":false,"footnotes":""},"categories":[22],"tags":[],"class_list":{"0":"post-89590","1":"post","2":"type-post","3":"status-publish","4":"format-standard","5":"has-post-thumbnail","7":"category-brasil","8":"entry","9":"gs-1","10":"gs-odd","11":"gs-even","12":"gs-featured-content-entry"},"jetpack_featured_media_url":"https:\/\/www.redenoticia.com.br\/noticia\/imagens\/viagem-turismo-ferias-mapa.jpg","jetpack_sharing_enabled":true,"jetpack_likes_enabled":true,"_links":{"self":[{"href":"https:\/\/www.redenoticia.com.br\/noticia\/wp-json\/wp\/v2\/posts\/89590","targetHints":{"allow":["GET"]}}],"collection":[{"href":"https:\/\/www.redenoticia.com.br\/noticia\/wp-json\/wp\/v2\/posts"}],"about":[{"href":"https:\/\/www.redenoticia.com.br\/noticia\/wp-json\/wp\/v2\/types\/post"}],"author":[{"embeddable":true,"href":"https:\/\/www.redenoticia.com.br\/noticia\/wp-json\/wp\/v2\/users\/2"}],"replies":[{"embeddable":true,"href":"https:\/\/www.redenoticia.com.br\/noticia\/wp-json\/wp\/v2\/comments?post=89590"}],"version-history":[{"count":0,"href":"https:\/\/www.redenoticia.com.br\/noticia\/wp-json\/wp\/v2\/posts\/89590\/revisions"}],"wp:featuredmedia":[{"embeddable":true,"href":"https:\/\/www.redenoticia.com.br\/noticia\/wp-json\/wp\/v2\/media\/39993"}],"wp:attachment":[{"href":"https:\/\/www.redenoticia.com.br\/noticia\/wp-json\/wp\/v2\/media?parent=89590"}],"wp:term":[{"taxonomy":"category","embeddable":true,"href":"https:\/\/www.redenoticia.com.br\/noticia\/wp-json\/wp\/v2\/categories?post=89590"},{"taxonomy":"post_tag","embeddable":true,"href":"https:\/\/www.redenoticia.com.br\/noticia\/wp-json\/wp\/v2\/tags?post=89590"}],"curies":[{"name":"wp","href":"https:\/\/api.w.org\/{rel}","templated":true}]}}