{"id":89588,"date":"2016-07-05T10:04:35","date_gmt":"2016-07-05T13:04:35","guid":{"rendered":"http:\/\/www.redenoticia.com.br\/noticia\/?p=89588"},"modified":"2016-07-04T15:06:05","modified_gmt":"2016-07-04T18:06:05","slug":"68a-reuniao-anual-da-sbpc-tem-transmissao-ao-vivo-pela-internet","status":"publish","type":"post","link":"https:\/\/www.redenoticia.com.br\/noticia\/2016\/68a-reuniao-anual-da-sbpc-tem-transmissao-ao-vivo-pela-internet\/89588","title":{"rendered":"68\u00aa Reuni\u00e3o Anual da SBPC tem transmiss\u00e3o ao vivo pela internet"},"content":{"rendered":"<p> Ag\u00eancia FAPESP \u2013 As atividades da 68\u00aa Reuni\u00e3o Anual da Sociedade Brasileira para o Progresso da Ci\u00eancia (<strong><em>SBPC<\/em><\/strong>) realizadas no audit\u00f3rio Monte Paschoal 1, do campus de Porto Seguro da Universidade Federal do Sul da Bahia (UFSB), em Porto Seguro, ter\u00e3o transmiss\u00e3o on-line pelo canal da . O evento, que iniciou em 3 de julho com o tema \u201cSustentabilidade, Tecnologias e Integra\u00e7\u00e3o Social\u201d, encerra em 9 de julho. Haver\u00e1 tamb\u00e9m ter\u00e1 transmiss\u00e3o ao vivo pela R\u00e1dio SBPC Web.<\/p>\n<p>Entre os dias 4 e 8 de julho, o canal da SBPC transmitir\u00e1 as palestras que ocorrem neste audit\u00f3rio, como a sess\u00e3o \u201cA\u00e7\u00e3o multissetorial no enfrentamento de epidemias\u201d, do professor Roberto Jos\u00e9 da Silva Badar\u00f3, da UFBA, a partir das 10h30; \u201cCrise econ\u00f4mica, social e pol\u00edtica \u2013 perspectivas de solu\u00e7\u00f5es\u201d, com a pesquisadora Fernanda Sobral, da UnB, na ter\u00e7a-feira, 5, \u00e0s 15h30; e \u201cEpidemia de Zika e desafios para a sa\u00fade p\u00fablica\u201d, com o cientista da Universidade de Yale, nos EUA, Albert Icksang Ko, na sexta-feira, 8, \u00e0s 10h30.<\/p>\n<p>O audit\u00f3rio ter\u00e1 sempre duas sess\u00f5es, \u00e0s 10h30 e \u00e0s 15h30, com exce\u00e7\u00e3o da quinta-feira, 7, quando haver\u00e1 palestra apenas pela manh\u00e3. O link para a transmiss\u00e3o estar\u00e1 dispon\u00edvel no site do evento ou diretamente na p\u00e1gina SBPCnet do YouTube.<\/p>\n<p>Entre os temas que ser\u00e3o debatidos nas confer\u00eancias est\u00e3o &#8220;Nanoestruturas de carbono &#8211; caracter\u00edsticas e desafios&#8221;, &#8220;Sustentabilidade ainda \u00e9 poss\u00edvel&#8221;, &#8220;Ondas gravitacionais: Uma nova janela para o universo&#8221;, &#8220;C\u00e2ncer infantil&#8221;, &#8220;Dengue, Chikungunya e Zika (Vacinas, formas cl\u00ednicas, epidemiologia comparativa, novos testes diagn\u00f3sticos etc.)&#8221;, &#8220;As Ci\u00eancias Sociais e suas perspectivas de interven\u00e7\u00e3o de um ponto de vista brasileiro&#8221;, &#8220;A\u00e7\u00e3o Multissetorial do enfrentamento de epidemias&#8221;, &#8220;Epidemia de Zika e desafios para sa\u00fade p\u00fablica&#8221;, &#8220;Sementes: inova\u00e7\u00f5es tecnol\u00f3gicas e desafios&#8221;.<\/p>\n<p>A programa\u00e7\u00e3o cient\u00edfica completa da SBPC est\u00e1 dispon\u00edvel no endere\u00e7o .<\/p>\n<p>Mais informa\u00e7\u00f5es do evento no site: .<\/p>\n","protected":false},"excerpt":{"rendered":"<p>Ag\u00eancia FAPESP \u2013 As atividades da 68\u00aa Reuni\u00e3o Anual da Sociedade Brasileira para o Progresso da Ci\u00eancia (SBPC) realizadas no audit\u00f3rio Monte Paschoal 1, do campus de Porto Seguro da Universidade Federal do Sul da Bahia (UFSB), em Porto Seguro, ter\u00e3o transmiss\u00e3o on-line pelo canal da . O evento, que iniciou em 3 de julho [&hellip;]<\/p>\n","protected":false},"author":2,"featured_media":57577,"comment_status":"open","ping_status":"closed","sticky":false,"template":"","format":"standard","meta":{"_genesis_hide_title":false,"_genesis_hide_breadcrumbs":false,"_genesis_hide_singular_image":false,"_genesis_hide_footer_widgets":false,"_genesis_custom_body_class":"","_genesis_custom_post_class":"","_genesis_layout":"","_jetpack_memberships_contains_paid_content":false,"footnotes":""},"categories":[22],"tags":[],"class_list":{"0":"post-89588","1":"post","2":"type-post","3":"status-publish","4":"format-standard","5":"has-post-thumbnail","7":"category-brasil","8":"entry","9":"gs-1","10":"gs-odd","11":"gs-even","12":"gs-featured-content-entry"},"jetpack_featured_media_url":"https:\/\/www.redenoticia.com.br\/noticia\/imagens\/tecnologia-inscricao.jpg","jetpack_sharing_enabled":true,"jetpack_likes_enabled":true,"_links":{"self":[{"href":"https:\/\/www.redenoticia.com.br\/noticia\/wp-json\/wp\/v2\/posts\/89588","targetHints":{"allow":["GET"]}}],"collection":[{"href":"https:\/\/www.redenoticia.com.br\/noticia\/wp-json\/wp\/v2\/posts"}],"about":[{"href":"https:\/\/www.redenoticia.com.br\/noticia\/wp-json\/wp\/v2\/types\/post"}],"author":[{"embeddable":true,"href":"https:\/\/www.redenoticia.com.br\/noticia\/wp-json\/wp\/v2\/users\/2"}],"replies":[{"embeddable":true,"href":"https:\/\/www.redenoticia.com.br\/noticia\/wp-json\/wp\/v2\/comments?post=89588"}],"version-history":[{"count":0,"href":"https:\/\/www.redenoticia.com.br\/noticia\/wp-json\/wp\/v2\/posts\/89588\/revisions"}],"wp:featuredmedia":[{"embeddable":true,"href":"https:\/\/www.redenoticia.com.br\/noticia\/wp-json\/wp\/v2\/media\/57577"}],"wp:attachment":[{"href":"https:\/\/www.redenoticia.com.br\/noticia\/wp-json\/wp\/v2\/media?parent=89588"}],"wp:term":[{"taxonomy":"category","embeddable":true,"href":"https:\/\/www.redenoticia.com.br\/noticia\/wp-json\/wp\/v2\/categories?post=89588"},{"taxonomy":"post_tag","embeddable":true,"href":"https:\/\/www.redenoticia.com.br\/noticia\/wp-json\/wp\/v2\/tags?post=89588"}],"curies":[{"name":"wp","href":"https:\/\/api.w.org\/{rel}","templated":true}]}}