{"id":89489,"date":"2016-07-04T10:09:03","date_gmt":"2016-07-04T13:09:03","guid":{"rendered":"http:\/\/www.redenoticia.com.br\/noticia\/?p=89489"},"modified":"2016-07-01T22:09:46","modified_gmt":"2016-07-02T01:09:46","slug":"inflacao-pelo-ipc-s-acumula-alta-de-450-este-ano","status":"publish","type":"post","link":"https:\/\/www.redenoticia.com.br\/noticia\/2016\/inflacao-pelo-ipc-s-acumula-alta-de-450-este-ano\/89489","title":{"rendered":"Infla\u00e7\u00e3o pelo IPC-S acumula alta de 4,50% este ano"},"content":{"rendered":"<p> O <strong><em>\u00cdndice de Pre\u00e7os ao Consumidor Semanal<\/em><\/strong> (IPC-S) encerrou junho com varia\u00e7\u00e3o de 0,26%, 0,07 ponto percentual abaixo da taxa registrada na \u00faltima divulga\u00e7\u00e3o. Com este resultado, o indicador acumula alta de 4,50% no ano e de 8,54% nos \u00faltimos 12 meses.<\/p>\n<p>Os dados foram divulgados hoje pelo Instituto Brasileiro de Economia da Funda\u00e7\u00e3o Getulio Vargas (Ibre\/FGV) e se referem \u00e0 pesquisa de pre\u00e7os nas seguintes capitais: Recife, Salvador, Rio de Janeiro, S\u00e3o Paulo, Belo Horizonte, Bras\u00edlia e Porto Alegre.<\/p>\n<p>Nesta apura\u00e7\u00e3o, seis das oito classes de despesa componentes do \u00edndice apresentaram decr\u00e9scimo em suas taxas de varia\u00e7\u00e3o. A maior contribui\u00e7\u00e3o partiu do grupo Despesas Diversas (1,29% para 0,41%). Nesta classe de despesa, cabe mencionar o comportamento do item cigarros, cuja taxa passou de 2,18% para -0,06%, informou o Ibre.<\/p>\n<p>Tamb\u00e9m registraram decr\u00e9scimo em suas taxas de varia\u00e7\u00e3o os grupos: transportes (-0,14% para -0,22%), sa\u00fade e cuidados pessoais (0,64% para 0,54%), vestu\u00e1rio (0,75% para 0,37%), comunica\u00e7\u00e3o (0,12% para 0,11%) e habita\u00e7\u00e3o (0,65% para 0,63%).<\/p>\n<p>Queda<\/p>\n<p>O Ibre destacou nesses grupos a queda nos pre\u00e7os da gasolina (-1,15% para -1,59%), medicamentos em geral (0,37% para 0,11%), roupas (0,64% para 0,15%), mensalidade para internet (0,13% para -0,25%) e tarifa de eletricidade residencial (0,79% para 0,44%).<\/p>\n<p>Segundo o Ibre, apenas o grupo educa\u00e7\u00e3o, leitura e recrea\u00e7\u00e3o (0,11% para 0,26%) apresentou acr\u00e9scimo em sua taxa de varia\u00e7\u00e3o. Nesta classe de despesa, a maior contribui\u00e7\u00e3o partiu do item passagem a\u00e9rea (-0,12% para 6,55%).<\/p>\n<p>O grupo alimenta\u00e7\u00e3o repetiu a taxa de varia\u00e7\u00e3o registrada na \u00faltima apura\u00e7\u00e3o: 0,07%. A varia\u00e7\u00e3o do feij\u00e3o-carioca passou de 29,26% para 38,62% e de frutas de -7,88% para-11,75%. A pr\u00f3xima apura\u00e7\u00e3o do IPC-S, com dados coletados at\u00e9 o dia 7 de julho, ser\u00e1 divulgada na pr\u00f3xima sexta-feira, dia 8.<\/p>\n<p>Da Ag\u00eancia Brasil<br \/>\nEdi\u00e7\u00e3o: Kleber Sampaio<br \/>\n04\/07\/2016<\/p>\n","protected":false},"excerpt":{"rendered":"<p>O \u00cdndice de Pre\u00e7os ao Consumidor Semanal (IPC-S) encerrou junho com varia\u00e7\u00e3o de 0,26%, 0,07 ponto percentual abaixo da taxa registrada na \u00faltima divulga\u00e7\u00e3o. Com este resultado, o indicador acumula alta de 4,50% no ano e de 8,54% nos \u00faltimos 12 meses. Os dados foram divulgados hoje pelo Instituto Brasileiro de Economia da Funda\u00e7\u00e3o Getulio [&hellip;]<\/p>\n","protected":false},"author":2,"featured_media":57584,"comment_status":"open","ping_status":"closed","sticky":false,"template":"","format":"standard","meta":{"_genesis_hide_title":false,"_genesis_hide_breadcrumbs":false,"_genesis_hide_singular_image":false,"_genesis_hide_footer_widgets":false,"_genesis_custom_body_class":"","_genesis_custom_post_class":"","_genesis_layout":"","_jetpack_memberships_contains_paid_content":false,"footnotes":""},"categories":[22,7],"tags":[],"class_list":{"0":"post-89489","1":"post","2":"type-post","3":"status-publish","4":"format-standard","5":"has-post-thumbnail","7":"category-brasil","8":"category-economia","9":"entry","10":"gs-1","11":"gs-odd","12":"gs-even","13":"gs-featured-content-entry"},"jetpack_featured_media_url":"https:\/\/www.redenoticia.com.br\/noticia\/imagens\/economia-grafica-analise-inflacao.jpg","jetpack_sharing_enabled":true,"jetpack_likes_enabled":true,"_links":{"self":[{"href":"https:\/\/www.redenoticia.com.br\/noticia\/wp-json\/wp\/v2\/posts\/89489","targetHints":{"allow":["GET"]}}],"collection":[{"href":"https:\/\/www.redenoticia.com.br\/noticia\/wp-json\/wp\/v2\/posts"}],"about":[{"href":"https:\/\/www.redenoticia.com.br\/noticia\/wp-json\/wp\/v2\/types\/post"}],"author":[{"embeddable":true,"href":"https:\/\/www.redenoticia.com.br\/noticia\/wp-json\/wp\/v2\/users\/2"}],"replies":[{"embeddable":true,"href":"https:\/\/www.redenoticia.com.br\/noticia\/wp-json\/wp\/v2\/comments?post=89489"}],"version-history":[{"count":0,"href":"https:\/\/www.redenoticia.com.br\/noticia\/wp-json\/wp\/v2\/posts\/89489\/revisions"}],"wp:featuredmedia":[{"embeddable":true,"href":"https:\/\/www.redenoticia.com.br\/noticia\/wp-json\/wp\/v2\/media\/57584"}],"wp:attachment":[{"href":"https:\/\/www.redenoticia.com.br\/noticia\/wp-json\/wp\/v2\/media?parent=89489"}],"wp:term":[{"taxonomy":"category","embeddable":true,"href":"https:\/\/www.redenoticia.com.br\/noticia\/wp-json\/wp\/v2\/categories?post=89489"},{"taxonomy":"post_tag","embeddable":true,"href":"https:\/\/www.redenoticia.com.br\/noticia\/wp-json\/wp\/v2\/tags?post=89489"}],"curies":[{"name":"wp","href":"https:\/\/api.w.org\/{rel}","templated":true}]}}