{"id":89483,"date":"2016-07-04T10:05:49","date_gmt":"2016-07-04T13:05:49","guid":{"rendered":"http:\/\/www.redenoticia.com.br\/noticia\/?p=89483"},"modified":"2016-07-01T22:06:54","modified_gmt":"2016-07-02T01:06:54","slug":"governo-prorroga-prazo-para-saque-do-pispasep-de-2014","status":"publish","type":"post","link":"https:\/\/www.redenoticia.com.br\/noticia\/2016\/governo-prorroga-prazo-para-saque-do-pispasep-de-2014\/89483","title":{"rendered":"Governo prorroga prazo para saque do PIS\/Pasep de 2014"},"content":{"rendered":"<p> <strong><em>PIS\/Pasep<\/em><\/strong>: os trabalhadores que perderam o prazo para sacar o abono salarial do Programa de Integra\u00e7\u00e3o Social (PIS) e do Programa de Forma\u00e7\u00e3o do Patrim\u00f4nio do Servidor P\u00fablico (Pasep), referente ao ano-base de 2014, ter\u00e3o nova oportunidade para retirar o benef\u00edcio.<\/p>\n<p>O ministro do Trabalho, Ronaldo Nogueira, anunciou que os mais de 1,2 milh\u00e3o de trabalhadores que perderam o prazo poder\u00e3o fazer o saque entre os dias 28 de julho e 31 de agosto.<\/p>\n<p>\u201cA bancada dos trabalhadores no Codefat [Conselho Deliberativo do Fundo de Amparo ao Trabalhado] sugeriu a amplia\u00e7\u00e3o do prazo para que todos fossem contemplados. Conversamos com o n\u00facleo do governo, que foi sens\u00edvel a essa medida, dada a necessidade de aprimorar esses programas sociais que s\u00e3o muito importantes na vida dos trabalhadores\u201d, disse Nogueira.<\/p>\n<p>De acordo o ministro, n\u00e3o houve diferen\u00e7a na m\u00e9dia de comparecimento dos trabalhadores para saque do benef\u00edcio em rela\u00e7\u00e3o aos anos anteriores, mas o governo decidiu \u201cinovar\u201d ao prorrogar o prazo. \u201cA inten\u00e7\u00e3o do governo \u00e9 que 100% dos trabalhadores que t\u00eam direito ao abono possam ter a oportunidade de comparecer \u00e0s ag\u00eancias e retirar o abono. \u00c9 a primeira vez que o governo toma a iniciativa de ampliar o prazo\u201d, disse.<\/p>\n<p>O abono<\/p>\n<p>O benef\u00edcio, equivalente a um sal\u00e1rio-m\u00ednimo (R$ 880), \u00e9 pago a empregados que tenham trabalhado com carteira assinada por pelo menos 30 dias em 2014 e tenham recebido at\u00e9 dois sal\u00e1rios-m\u00ednimos por m\u00eas nesse per\u00edodo.<\/p>\n<p>O trabalhador tamb\u00e9m precisa estar cadastrado no PIS\/Pasep h\u00e1, pelo menos, cinco anos e ter tido os dados informados corretamente pelo empregador na Rela\u00e7\u00e3o Anual de Informa\u00e7\u00f5es Sociais (Rais). At\u00e9 agora, foram sacados R$ 18,3 bilh\u00f5es. Os recursos n\u00e3o sacados retornam ao Fundo de Amparo ao Trabalhador (FAT).<\/p>\n<p>O abono salarial \u00e9 um dos benef\u00edcios pagos pelo FAT, que tamb\u00e9m custeia o seguro-desemprego, os cursos de qualifica\u00e7\u00e3o profissional feitos em parceria com os governos estaduais e a participa\u00e7\u00e3o na receita dos \u00f3rg\u00e3os e entidades para os trabalhadores p\u00fablicos e privados.<\/p>\n<p>Ivan Richard &#8211; Rep\u00f3rter da Ag\u00eancia Brasil<br \/>\nEdi\u00e7\u00e3o: Luana Louren\u00e7o<br \/>\n04\/07\/2016<\/p>\n","protected":false},"excerpt":{"rendered":"<p>PIS\/Pasep: os trabalhadores que perderam o prazo para sacar o abono salarial do Programa de Integra\u00e7\u00e3o Social (PIS) e do Programa de Forma\u00e7\u00e3o do Patrim\u00f4nio do Servidor P\u00fablico (Pasep), referente ao ano-base de 2014, ter\u00e3o nova oportunidade para retirar o benef\u00edcio. O ministro do Trabalho, Ronaldo Nogueira, anunciou que os mais de 1,2 milh\u00e3o de [&hellip;]<\/p>\n","protected":false},"author":2,"featured_media":28951,"comment_status":"open","ping_status":"closed","sticky":false,"template":"","format":"standard","meta":{"_genesis_hide_title":false,"_genesis_hide_breadcrumbs":false,"_genesis_hide_singular_image":false,"_genesis_hide_footer_widgets":false,"_genesis_custom_body_class":"","_genesis_custom_post_class":"","_genesis_layout":"","_jetpack_memberships_contains_paid_content":false,"footnotes":""},"categories":[22,7],"tags":[],"class_list":{"0":"post-89483","1":"post","2":"type-post","3":"status-publish","4":"format-standard","5":"has-post-thumbnail","7":"category-brasil","8":"category-economia","9":"entry","10":"gs-1","11":"gs-odd","12":"gs-even","13":"gs-featured-content-entry"},"jetpack_featured_media_url":"https:\/\/www.redenoticia.com.br\/noticia\/imagens\/concurso-inscricao-vagas-ate.jpg","jetpack_sharing_enabled":true,"jetpack_likes_enabled":true,"_links":{"self":[{"href":"https:\/\/www.redenoticia.com.br\/noticia\/wp-json\/wp\/v2\/posts\/89483","targetHints":{"allow":["GET"]}}],"collection":[{"href":"https:\/\/www.redenoticia.com.br\/noticia\/wp-json\/wp\/v2\/posts"}],"about":[{"href":"https:\/\/www.redenoticia.com.br\/noticia\/wp-json\/wp\/v2\/types\/post"}],"author":[{"embeddable":true,"href":"https:\/\/www.redenoticia.com.br\/noticia\/wp-json\/wp\/v2\/users\/2"}],"replies":[{"embeddable":true,"href":"https:\/\/www.redenoticia.com.br\/noticia\/wp-json\/wp\/v2\/comments?post=89483"}],"version-history":[{"count":0,"href":"https:\/\/www.redenoticia.com.br\/noticia\/wp-json\/wp\/v2\/posts\/89483\/revisions"}],"wp:featuredmedia":[{"embeddable":true,"href":"https:\/\/www.redenoticia.com.br\/noticia\/wp-json\/wp\/v2\/media\/28951"}],"wp:attachment":[{"href":"https:\/\/www.redenoticia.com.br\/noticia\/wp-json\/wp\/v2\/media?parent=89483"}],"wp:term":[{"taxonomy":"category","embeddable":true,"href":"https:\/\/www.redenoticia.com.br\/noticia\/wp-json\/wp\/v2\/categories?post=89483"},{"taxonomy":"post_tag","embeddable":true,"href":"https:\/\/www.redenoticia.com.br\/noticia\/wp-json\/wp\/v2\/tags?post=89483"}],"curies":[{"name":"wp","href":"https:\/\/api.w.org\/{rel}","templated":true}]}}