{"id":89370,"date":"2016-07-01T10:53:14","date_gmt":"2016-07-01T13:53:14","guid":{"rendered":"http:\/\/www.redenoticia.com.br\/noticia\/?p=89370"},"modified":"2016-06-30T16:54:42","modified_gmt":"2016-06-30T19:54:42","slug":"bc-divida-do-setor-publico-cresce-e-pode-representar-447-do-pib","status":"publish","type":"post","link":"https:\/\/www.redenoticia.com.br\/noticia\/2016\/bc-divida-do-setor-publico-cresce-e-pode-representar-447-do-pib\/89370","title":{"rendered":"BC: d\u00edvida do setor p\u00fablico cresce e pode representar 44,7% do PIB"},"content":{"rendered":"<p> O <strong><em>endividamento do setor p\u00fablico<\/em><\/strong> ser\u00e1 bem maior este ano. Segundo proje\u00e7\u00e3o do Banco Central (BC), a d\u00edvida l\u00edquida do setor p\u00fablico, que \u00e9 um balan\u00e7o entre o total de cr\u00e9ditos e d\u00e9bitos dos governos federal, estaduais e municipais, deve corresponder a 44,7% de tudo o que o pa\u00eds produz (Produto Interno Bruto \u2013 PIB), ao final deste ano.<\/p>\n<p>Em dezembro de 2015, essa rela\u00e7\u00e3o ficou em 36,2%. Em maio \u00faltimo, o percentual chegou a 39,6%. A previs\u00e3o do BC \u00e9 que neste m\u00eas a d\u00edvida alcance 41,2% do PIB.<\/p>\n<p>Para fazer essa proje\u00e7\u00e3o para o final do ano, o Banco Central levou em considera\u00e7\u00e3o a expectativa de um d\u00e9ficit prim\u00e1rio (receitas menos despesas, sem considerar os gastos com juros) de 2,63% do PIB previsto na Lei de Diretrizes Or\u00e7ament\u00e1rios (LDO), al\u00e9m de proje\u00e7\u00f5es do mercado financeiro para infla\u00e7\u00e3o, c\u00e2mbio e taxa b\u00e1sica de juros e a estimativa do BC de queda de 3,3% do PIB.<\/p>\n<p>Por esses par\u00e2metros, a estimativa para a d\u00edvida bruta, que contabiliza apenas os passivos dos governos federal, estaduais e municipais, deve chegar a 73,3% do PIB este ano. Em maio, a d\u00edvida bruta chegou a 68,6% do PIB. Para este m\u00eas, o BC projeta 69,1% do PIB.<\/p>\n<p>Se a proje\u00e7\u00e3o para o endividamento for feita com base na estimativa do mercado de d\u00e9ficit prim\u00e1rio de 2,25% do PIB, a d\u00edvida l\u00edquida vai chegar a 44,3% do PIB este ano, e a bruta, a 72,9% do PIB.<\/p>\n<p>Contas p\u00fablicas<\/p>\n<p>De acordo com dados divulgados pelo BC, o setor p\u00fablico consolidado &#8211; formado por Uni\u00e3o, estados e munic\u00edpios &#8211; registrou d\u00e9ficit prim\u00e1rio de R$ 18,125 bilh\u00f5es em maio, o pior resultado para o m\u00eas na s\u00e9rie hist\u00f3rica, iniciada em dezembro de 2001. Em maio de 2015, houve d\u00e9ficit prim\u00e1rio de R$ 6,9 bilh\u00f5es.<\/p>\n<p>Segundo o chefe do Departamento Econ\u00f4mico do BC, Tulio Maciel, o resultado negativo de maio foi \u201csignificativo, mantendo a tend\u00eancia de d\u00e9ficits superiores a iguais per\u00edodos do ano passado\u201d.<\/p>\n<p>\u201cEssa trajet\u00f3ria reflete o descompasso que se observa j\u00e1 h\u00e1 algum tempo na evolu\u00e7\u00e3o de receitas e despesas. No acumulado do ano [de janeiro a maio], temos uma evolu\u00e7\u00e3o de 4,3% das receitas em termos nominais [sem descontar a infla\u00e7\u00e3o] contra um crescimento das despesas de 11,3%\u201d, acrescentou. Lopes explicou que a queda da atividade econ\u00f4mica tem reduzido a arrecada\u00e7\u00e3o de impostos.<\/p>\n<p>Kelly Oliveira \u2013 Rep\u00f3rter da Ag\u00eancia Brasil<br \/>\nEdi\u00e7\u00e3o: Kleber Sampaio<br \/>\n01\/07\/2016<\/p>\n","protected":false},"excerpt":{"rendered":"<p>O endividamento do setor p\u00fablico ser\u00e1 bem maior este ano. Segundo proje\u00e7\u00e3o do Banco Central (BC), a d\u00edvida l\u00edquida do setor p\u00fablico, que \u00e9 um balan\u00e7o entre o total de cr\u00e9ditos e d\u00e9bitos dos governos federal, estaduais e municipais, deve corresponder a 44,7% de tudo o que o pa\u00eds produz (Produto Interno Bruto \u2013 PIB), [&hellip;]<\/p>\n","protected":false},"author":2,"featured_media":38940,"comment_status":"open","ping_status":"closed","sticky":false,"template":"","format":"standard","meta":{"_genesis_hide_title":false,"_genesis_hide_breadcrumbs":false,"_genesis_hide_singular_image":false,"_genesis_hide_footer_widgets":false,"_genesis_custom_body_class":"","_genesis_custom_post_class":"","_genesis_layout":"","_jetpack_memberships_contains_paid_content":false,"footnotes":""},"categories":[22,7],"tags":[],"class_list":{"0":"post-89370","1":"post","2":"type-post","3":"status-publish","4":"format-standard","5":"has-post-thumbnail","7":"category-brasil","8":"category-economia","9":"entry","10":"gs-1","11":"gs-odd","12":"gs-even","13":"gs-featured-content-entry"},"jetpack_featured_media_url":"https:\/\/www.redenoticia.com.br\/noticia\/imagens\/grafico.jpg","jetpack_sharing_enabled":true,"jetpack_likes_enabled":true,"_links":{"self":[{"href":"https:\/\/www.redenoticia.com.br\/noticia\/wp-json\/wp\/v2\/posts\/89370","targetHints":{"allow":["GET"]}}],"collection":[{"href":"https:\/\/www.redenoticia.com.br\/noticia\/wp-json\/wp\/v2\/posts"}],"about":[{"href":"https:\/\/www.redenoticia.com.br\/noticia\/wp-json\/wp\/v2\/types\/post"}],"author":[{"embeddable":true,"href":"https:\/\/www.redenoticia.com.br\/noticia\/wp-json\/wp\/v2\/users\/2"}],"replies":[{"embeddable":true,"href":"https:\/\/www.redenoticia.com.br\/noticia\/wp-json\/wp\/v2\/comments?post=89370"}],"version-history":[{"count":0,"href":"https:\/\/www.redenoticia.com.br\/noticia\/wp-json\/wp\/v2\/posts\/89370\/revisions"}],"wp:featuredmedia":[{"embeddable":true,"href":"https:\/\/www.redenoticia.com.br\/noticia\/wp-json\/wp\/v2\/media\/38940"}],"wp:attachment":[{"href":"https:\/\/www.redenoticia.com.br\/noticia\/wp-json\/wp\/v2\/media?parent=89370"}],"wp:term":[{"taxonomy":"category","embeddable":true,"href":"https:\/\/www.redenoticia.com.br\/noticia\/wp-json\/wp\/v2\/categories?post=89370"},{"taxonomy":"post_tag","embeddable":true,"href":"https:\/\/www.redenoticia.com.br\/noticia\/wp-json\/wp\/v2\/tags?post=89370"}],"curies":[{"name":"wp","href":"https:\/\/api.w.org\/{rel}","templated":true}]}}