{"id":89368,"date":"2016-07-01T10:52:14","date_gmt":"2016-07-01T13:52:14","guid":{"rendered":"http:\/\/www.redenoticia.com.br\/noticia\/?p=89368"},"modified":"2016-06-30T16:53:05","modified_gmt":"2016-06-30T19:53:05","slug":"desemprego-em-sao-paulo-cresce-e-atinge-quase-2-milhoes-de-pessoas","status":"publish","type":"post","link":"https:\/\/www.redenoticia.com.br\/noticia\/2016\/desemprego-em-sao-paulo-cresce-e-atinge-quase-2-milhoes-de-pessoas\/89368","title":{"rendered":"Desemprego em S\u00e3o Paulo cresce e atinge quase 2 milh\u00f5es de pessoas"},"content":{"rendered":"<p> O <strong><em>contingente de desempregados<\/em><\/strong> em maio foi estimado em 1,977 milh\u00e3o de pessoas na regi\u00e3o metropolitana de S\u00e3o Paulo, 109 mil a mais que em abril. Segundo os dados, a desocupa\u00e7\u00e3o atingiu, no quinto m\u00eas do ano, 17,6% da popula\u00e7\u00e3o economicamente ativa, 0,8 ponto percentual a mais que o total de abril (16,8%).<\/p>\n<p>As informa\u00e7\u00f5es s\u00e3o da Pesquisa de Emprego e Desemprego, realizada pela Funda\u00e7\u00e3o Sistema Estadual de An\u00e1lise de Dados (Seade) e pelo Departamento Intersindical de Estat\u00edstica e Estudos Socioecon\u00f4micos (Dieese).<\/p>\n<p>\u201cO crescimento deveu-se, pelo segundo m\u00eas consecutivo, quase que exclusivamente \u00e0 expans\u00e3o da Popula\u00e7\u00e3o Economicamente Ativa &#8211; 112 mil pessoas ingressaram no mercado de trabalho da regi\u00e3o &#8211; uma vez que o n\u00edvel de ocupa\u00e7\u00e3o permaneceu est\u00e1vel \u2013 gera\u00e7\u00e3o [na m\u00e9dia] de 3 mil postos de trabalho\u201d, destaca a pesquisa.<\/p>\n<p>A ind\u00fastria de transforma\u00e7\u00e3o criou em maio 93 mil postos de trabalho; o com\u00e9rcio e repara\u00e7\u00e3o de ve\u00edculos automotores e motocicletas, 47 mil. No entanto, houve redu\u00e7\u00e3o nos servi\u00e7os, com elimina\u00e7\u00e3o de 109 mil postos de trabalho, e na constru\u00e7\u00e3o, menos 18 mil.<\/p>\n<p>Bruno Bocchini &#8211; Rep\u00f3rter da Ag\u00eancia Brasil<br \/>\nEdi\u00e7\u00e3o: Kleber Sampaio<br \/>\n01\/07\/2016<br \/>\n&#8212;<br \/>\nA Empresa Brasil de Comunica\u00e7\u00e3o \u00e9 uma institui\u00e7\u00e3o da democracia brasileira: p\u00fablica, inclusiva e cidad\u00e3.  Criada em 2007 para fortalecer o sistema p\u00fablico de comunica\u00e7\u00e3o, \u00e9 gestora dos canais TV Brasil, TV Brasil Internacional, Ag\u00eancia Brasil, Radioag\u00eancia Nacional e do sistema p\u00fablico de R\u00e1dio \u2013 composto por oito emissoras. Estes, por sua independ\u00eancia editorial, distinguem-se dos canais estatais ou governamentais, com conte\u00fados diferenciados e complementares aos canais privados. Os ve\u00edculos da EBC t\u00eam autonomia para definir produ\u00e7\u00e3o, programa\u00e7\u00e3o e distribui\u00e7\u00e3o de conte\u00fados.<\/p>\n","protected":false},"excerpt":{"rendered":"<p>O contingente de desempregados em maio foi estimado em 1,977 milh\u00e3o de pessoas na regi\u00e3o metropolitana de S\u00e3o Paulo, 109 mil a mais que em abril. Segundo os dados, a desocupa\u00e7\u00e3o atingiu, no quinto m\u00eas do ano, 17,6% da popula\u00e7\u00e3o economicamente ativa, 0,8 ponto percentual a mais que o total de abril (16,8%). As informa\u00e7\u00f5es [&hellip;]<\/p>\n","protected":false},"author":2,"featured_media":57583,"comment_status":"open","ping_status":"closed","sticky":false,"template":"","format":"standard","meta":{"_genesis_hide_title":false,"_genesis_hide_breadcrumbs":false,"_genesis_hide_singular_image":false,"_genesis_hide_footer_widgets":false,"_genesis_custom_body_class":"","_genesis_custom_post_class":"","_genesis_layout":"","_jetpack_memberships_contains_paid_content":false,"footnotes":""},"categories":[22,7],"tags":[],"class_list":{"0":"post-89368","1":"post","2":"type-post","3":"status-publish","4":"format-standard","5":"has-post-thumbnail","7":"category-brasil","8":"category-economia","9":"entry","10":"gs-1","11":"gs-odd","12":"gs-even","13":"gs-featured-content-entry"},"jetpack_featured_media_url":"https:\/\/www.redenoticia.com.br\/noticia\/imagens\/economia-grafico.jpg","jetpack_sharing_enabled":true,"jetpack_likes_enabled":true,"_links":{"self":[{"href":"https:\/\/www.redenoticia.com.br\/noticia\/wp-json\/wp\/v2\/posts\/89368","targetHints":{"allow":["GET"]}}],"collection":[{"href":"https:\/\/www.redenoticia.com.br\/noticia\/wp-json\/wp\/v2\/posts"}],"about":[{"href":"https:\/\/www.redenoticia.com.br\/noticia\/wp-json\/wp\/v2\/types\/post"}],"author":[{"embeddable":true,"href":"https:\/\/www.redenoticia.com.br\/noticia\/wp-json\/wp\/v2\/users\/2"}],"replies":[{"embeddable":true,"href":"https:\/\/www.redenoticia.com.br\/noticia\/wp-json\/wp\/v2\/comments?post=89368"}],"version-history":[{"count":0,"href":"https:\/\/www.redenoticia.com.br\/noticia\/wp-json\/wp\/v2\/posts\/89368\/revisions"}],"wp:featuredmedia":[{"embeddable":true,"href":"https:\/\/www.redenoticia.com.br\/noticia\/wp-json\/wp\/v2\/media\/57583"}],"wp:attachment":[{"href":"https:\/\/www.redenoticia.com.br\/noticia\/wp-json\/wp\/v2\/media?parent=89368"}],"wp:term":[{"taxonomy":"category","embeddable":true,"href":"https:\/\/www.redenoticia.com.br\/noticia\/wp-json\/wp\/v2\/categories?post=89368"},{"taxonomy":"post_tag","embeddable":true,"href":"https:\/\/www.redenoticia.com.br\/noticia\/wp-json\/wp\/v2\/tags?post=89368"}],"curies":[{"name":"wp","href":"https:\/\/api.w.org\/{rel}","templated":true}]}}