{"id":89366,"date":"2016-07-01T10:50:04","date_gmt":"2016-07-01T13:50:04","guid":{"rendered":"http:\/\/www.redenoticia.com.br\/noticia\/?p=89366"},"modified":"2016-06-30T16:51:58","modified_gmt":"2016-06-30T19:51:58","slug":"sbdc-analisara-concentracao-de-consorcios","status":"publish","type":"post","link":"https:\/\/www.redenoticia.com.br\/noticia\/2016\/sbdc-analisara-concentracao-de-consorcios\/89366","title":{"rendered":"SBDC analisar\u00e1 concentra\u00e7\u00e3o de cons\u00f3rcios"},"content":{"rendered":"<p> O Banco Central (BC) n\u00e3o far\u00e1 mais an\u00e1lise de atos de concentra\u00e7\u00e3o de administradoras de <strong><em>cons\u00f3rcio<\/em><\/strong> e de institui\u00e7\u00f5es de pagamentos. Uma circular do BC foi publicada no Di\u00e1rio Oficial da Uni\u00e3o regulamentando mudan\u00e7as na an\u00e1lise de atos de concentra\u00e7\u00e3o no Sistema Financeiro Nacional.<\/p>\n<p>A lei 12.865, de 2013, j\u00e1 havia definido que cabe ao Sistema Brasileiro de Defesa da Concorr\u00eancia (SBDC) fazer a an\u00e1lise desses atos de concentra\u00e7\u00e3o. Mas ainda faltava a circular com a regulamenta\u00e7\u00e3o do BC para deixar claro que as atribui\u00e7\u00f5es s\u00e3o da \u00e1rea de defesa da concorr\u00eancia do governo.<\/p>\n<p>O SBDC \u00e9 formado pelo Conselho Administrativo de Defesa da Concorr\u00eancia (Cade) e pela Secretaria de Acompanhamento Econ\u00f4mico (Seae) do Minist\u00e9rio da Fazenda.<\/p>\n<p>As institui\u00e7\u00f5es de pagamento s\u00e3o as emissoras de moeda eletr\u00f4nica, que permitem saque, resgate ou transfer\u00eancia, instrumentos de pagamentos p\u00f3s-pagos e os credenciadores de estabelecimentos comerciais para a aceita\u00e7\u00e3o de cart\u00f5es.<\/p>\n<p>Da Ag\u00eancia Brasil<br \/>\nEdi\u00e7\u00e3o: Kleber Sampaio<br \/>\n01\/07\/2016<br \/>\n&#8212;<br \/>\nA Empresa Brasil de Comunica\u00e7\u00e3o \u00e9 uma institui\u00e7\u00e3o da democracia brasileira: p\u00fablica, inclusiva e cidad\u00e3.  Criada em 2007 para fortalecer o sistema p\u00fablico de comunica\u00e7\u00e3o, \u00e9 gestora dos canais TV Brasil, TV Brasil Internacional, Ag\u00eancia Brasil, Radioag\u00eancia Nacional e do sistema p\u00fablico de R\u00e1dio \u2013 composto por oito emissoras. Estes, por sua independ\u00eancia editorial, distinguem-se dos canais estatais ou governamentais, com conte\u00fados diferenciados e complementares aos canais privados. Os ve\u00edculos da EBC t\u00eam autonomia para definir produ\u00e7\u00e3o, programa\u00e7\u00e3o e distribui\u00e7\u00e3o de conte\u00fados.<\/p>\n","protected":false},"excerpt":{"rendered":"<p>O Banco Central (BC) n\u00e3o far\u00e1 mais an\u00e1lise de atos de concentra\u00e7\u00e3o de administradoras de cons\u00f3rcio e de institui\u00e7\u00f5es de pagamentos. Uma circular do BC foi publicada no Di\u00e1rio Oficial da Uni\u00e3o regulamentando mudan\u00e7as na an\u00e1lise de atos de concentra\u00e7\u00e3o no Sistema Financeiro Nacional. A lei 12.865, de 2013, j\u00e1 havia definido que cabe ao [&hellip;]<\/p>\n","protected":false},"author":2,"featured_media":57585,"comment_status":"open","ping_status":"closed","sticky":false,"template":"","format":"standard","meta":{"_genesis_hide_title":false,"_genesis_hide_breadcrumbs":false,"_genesis_hide_singular_image":false,"_genesis_hide_footer_widgets":false,"_genesis_custom_body_class":"","_genesis_custom_post_class":"","_genesis_layout":"","_jetpack_memberships_contains_paid_content":false,"footnotes":""},"categories":[22,7],"tags":[],"class_list":{"0":"post-89366","1":"post","2":"type-post","3":"status-publish","4":"format-standard","5":"has-post-thumbnail","7":"category-brasil","8":"category-economia","9":"entry","10":"gs-1","11":"gs-odd","12":"gs-even","13":"gs-featured-content-entry"},"jetpack_featured_media_url":"https:\/\/www.redenoticia.com.br\/noticia\/imagens\/analise-economia.jpg","jetpack_sharing_enabled":true,"jetpack_likes_enabled":true,"_links":{"self":[{"href":"https:\/\/www.redenoticia.com.br\/noticia\/wp-json\/wp\/v2\/posts\/89366","targetHints":{"allow":["GET"]}}],"collection":[{"href":"https:\/\/www.redenoticia.com.br\/noticia\/wp-json\/wp\/v2\/posts"}],"about":[{"href":"https:\/\/www.redenoticia.com.br\/noticia\/wp-json\/wp\/v2\/types\/post"}],"author":[{"embeddable":true,"href":"https:\/\/www.redenoticia.com.br\/noticia\/wp-json\/wp\/v2\/users\/2"}],"replies":[{"embeddable":true,"href":"https:\/\/www.redenoticia.com.br\/noticia\/wp-json\/wp\/v2\/comments?post=89366"}],"version-history":[{"count":0,"href":"https:\/\/www.redenoticia.com.br\/noticia\/wp-json\/wp\/v2\/posts\/89366\/revisions"}],"wp:featuredmedia":[{"embeddable":true,"href":"https:\/\/www.redenoticia.com.br\/noticia\/wp-json\/wp\/v2\/media\/57585"}],"wp:attachment":[{"href":"https:\/\/www.redenoticia.com.br\/noticia\/wp-json\/wp\/v2\/media?parent=89366"}],"wp:term":[{"taxonomy":"category","embeddable":true,"href":"https:\/\/www.redenoticia.com.br\/noticia\/wp-json\/wp\/v2\/categories?post=89366"},{"taxonomy":"post_tag","embeddable":true,"href":"https:\/\/www.redenoticia.com.br\/noticia\/wp-json\/wp\/v2\/tags?post=89366"}],"curies":[{"name":"wp","href":"https:\/\/api.w.org\/{rel}","templated":true}]}}