{"id":89360,"date":"2016-07-01T10:46:11","date_gmt":"2016-07-01T13:46:11","guid":{"rendered":"http:\/\/www.redenoticia.com.br\/noticia\/?p=89360"},"modified":"2016-06-30T16:47:27","modified_gmt":"2016-06-30T19:47:27","slug":"fapesp-participa-da-68a-reuniao-anual-da-sbpc","status":"publish","type":"post","link":"https:\/\/www.redenoticia.com.br\/noticia\/2016\/fapesp-participa-da-68a-reuniao-anual-da-sbpc\/89360","title":{"rendered":"FAPESP participa da 68\u00aa Reuni\u00e3o Anual da SBPC"},"content":{"rendered":"<p> Ag\u00eancia FAPESP \u2013 Ser\u00e1 realizada nos pr\u00f3ximos dias 3 a 9 de julho, no campus da Universidade Federal do Sul da Bahia (UFSB), em Porto Seguro, a 68\u00aa Reuni\u00e3o Anual da Sociedade Brasileira para o Progresso da Ci\u00eancia (<strong><em>SBPC<\/em><\/strong>).<\/p>\n<p>Com o tema \u201cSustentabilidade, tecnologias e integra\u00e7\u00e3o social\u201d, a programa\u00e7\u00e3o cient\u00edfica do evento ser\u00e1 composta por uma s\u00e9rie de confer\u00eancias, mesas-redondas, minicursos, sess\u00f5es especiais, al\u00e9m de encontros, assembleias e sess\u00e3o de p\u00f4steres, com o objetivo de apresentar aos participantes uma panorama da ci\u00eancia feita no Brasil hoje.<\/p>\n<p>Entre os temas que ser\u00e3o debatidos nas confer\u00eancias est\u00e3o &#8220;Nanoestruturas de carbono \u2013 caracter\u00edsticas e desafios&#8221;, &#8220;Sustentabilidade ainda \u00e9 poss\u00edvel?&#8221;, &#8220;Ondas gravitacionais: uma nova janela para o universo&#8221;, &#8220;Dengue, chikungunya e Zika (vacinas, formas cl\u00ednicas, epidemiologia comparativa, novos testes diagn\u00f3sticos e etc.)&#8221; e &#8220;Sementes: inova\u00e7\u00f5es tecnol\u00f3gicas e desafios&#8221;.<\/p>\n<p>As mesas-redondas trar\u00e3o para a discuss\u00e3o temas como &#8220;A estrat\u00e9gia nacional de ci\u00eancia, tecnologia e inova\u00e7\u00e3o&#8221;, &#8220;As aplica\u00e7\u00f5es da energia nuclear para o desenvolvimento da sociedade&#8221;, &#8220;\u00c9tica na pesquisa com seres humanos&#8221; e &#8220;Sistema Nacional de CT&amp;I, integra\u00e7\u00e3o e diferen\u00e7as regionais&#8221;, entre outros.<\/p>\n<p>As confer\u00eancias e mesas-redondas contar\u00e3o com a participa\u00e7\u00e3o de pesquisadores de universidades e institui\u00e7\u00f5es de pesquisa do Estado de S\u00e3o Paulo ligados aos programas de Pesquisas em Caracteriza\u00e7\u00e3o, Conserva\u00e7\u00e3o, Restaura\u00e7\u00e3o e Uso Sustent\u00e1vel da Biodiversidade () e de Pesquisa em Bioenergia (), apoiados pela FAPESP.<\/p>\n<p>Estande da FAPESP na ExpoT&amp;C<\/p>\n<p>Paralelamente \u00e0 reuni\u00e3o cient\u00edfica ser\u00e1 realizada a feira de Ci\u00eancia, Tecnologia e Inova\u00e7\u00e3o (ExpoT&amp;C), que reunir\u00e1 universidades, editoras, institui\u00e7\u00f5es e ag\u00eancias federais e estaduais de apoio \u00e0 pesquisa como expositores. Entre elas a FAPESP, que participar\u00e1 do evento pelo 19\u00ba ano consecutivo.<\/p>\n<p>Neste ano, no estande da Funda\u00e7\u00e3o ser\u00e3o destacados dois projetos relacionados aos temas da Reuni\u00e3o. O primeiro diz respeito a uma pesquisa que resultou em um biolarvicida produzido a partir do baga\u00e7o de cana-de-a\u00e7\u00facar, capaz de eliminar as larvas do mosquito Aedes aegypti, transmissor dos v\u00edrus da dengue, Zika e chikungunya.<\/p>\n<p>Com apoio da FAPESP, o produto, desenvolvido por pesquisadores da Escola de Engenharia de Lorena da Universidade de S\u00e3o Paulo, mata as larvas do mosquito em at\u00e9 24 horas e consegue destru\u00ed-las em 48 horas\u00a0(leia mais em).<\/p>\n<p>O segundo projeto trata de uma pesquisa para recupera\u00e7\u00e3o da Ba\u00eda do Ara\u00e7\u00e1, localizada na parte central do Canal de S\u00e3o Sebasti\u00e3o, no litoral norte do Estado de S\u00e3o Paulo.<\/p>\n<p>Realizada no \u00e2mbito do Programa BIOTA-FAPESP, a pesquisa envolveu 170 pesquisadores, t\u00e9cnicos e estudantes de gradua\u00e7\u00e3o e p\u00f3s-gradua\u00e7\u00e3o de 35 institui\u00e7\u00f5es do Brasil e do exterior e resultou na identifica\u00e7\u00e3o de mais de 1,3 mil esp\u00e9cies de organismos no ambiente da Ba\u00eda, 56 delas at\u00e9 ent\u00e3o desconhecidas (leia mais em )<\/p>\n<p>A Reuni\u00e3o se encerra no dia 9 de julho (s\u00e1bado), com a realiza\u00e7\u00e3o do \u201cDia da fam\u00edlia na ci\u00eancia\u201d, com uma programa\u00e7\u00e3o voltada \u00e0 intera\u00e7\u00e3o com a comunidade e atividades que evidenciar\u00e3o como a ci\u00eancia est\u00e1 presente no dia a dia das pessoas.<\/p>\n<p>O evento \u00e9 aberto e gratuito ao p\u00fablico geral e qualquer pessoa pode participar, sem inscri\u00e7\u00e3o pr\u00e9via, da maioria das atividades.<\/p>\n<p>Mais informa\u00e7\u00f5es e inscri\u00e7\u00f5es: .<\/p>\n","protected":false},"excerpt":{"rendered":"<p>Ag\u00eancia FAPESP \u2013 Ser\u00e1 realizada nos pr\u00f3ximos dias 3 a 9 de julho, no campus da Universidade Federal do Sul da Bahia (UFSB), em Porto Seguro, a 68\u00aa Reuni\u00e3o Anual da Sociedade Brasileira para o Progresso da Ci\u00eancia (SBPC). Com o tema \u201cSustentabilidade, tecnologias e integra\u00e7\u00e3o social\u201d, a programa\u00e7\u00e3o cient\u00edfica do evento ser\u00e1 composta por [&hellip;]<\/p>\n","protected":false},"author":2,"featured_media":28951,"comment_status":"open","ping_status":"closed","sticky":false,"template":"","format":"standard","meta":{"_genesis_hide_title":false,"_genesis_hide_breadcrumbs":false,"_genesis_hide_singular_image":false,"_genesis_hide_footer_widgets":false,"_genesis_custom_body_class":"","_genesis_custom_post_class":"","_genesis_layout":"","_jetpack_memberships_contains_paid_content":false,"footnotes":""},"categories":[22],"tags":[],"class_list":{"0":"post-89360","1":"post","2":"type-post","3":"status-publish","4":"format-standard","5":"has-post-thumbnail","7":"category-brasil","8":"entry","9":"gs-1","10":"gs-odd","11":"gs-even","12":"gs-featured-content-entry"},"jetpack_featured_media_url":"https:\/\/www.redenoticia.com.br\/noticia\/imagens\/concurso-inscricao-vagas-ate.jpg","jetpack_sharing_enabled":true,"jetpack_likes_enabled":true,"_links":{"self":[{"href":"https:\/\/www.redenoticia.com.br\/noticia\/wp-json\/wp\/v2\/posts\/89360","targetHints":{"allow":["GET"]}}],"collection":[{"href":"https:\/\/www.redenoticia.com.br\/noticia\/wp-json\/wp\/v2\/posts"}],"about":[{"href":"https:\/\/www.redenoticia.com.br\/noticia\/wp-json\/wp\/v2\/types\/post"}],"author":[{"embeddable":true,"href":"https:\/\/www.redenoticia.com.br\/noticia\/wp-json\/wp\/v2\/users\/2"}],"replies":[{"embeddable":true,"href":"https:\/\/www.redenoticia.com.br\/noticia\/wp-json\/wp\/v2\/comments?post=89360"}],"version-history":[{"count":0,"href":"https:\/\/www.redenoticia.com.br\/noticia\/wp-json\/wp\/v2\/posts\/89360\/revisions"}],"wp:featuredmedia":[{"embeddable":true,"href":"https:\/\/www.redenoticia.com.br\/noticia\/wp-json\/wp\/v2\/media\/28951"}],"wp:attachment":[{"href":"https:\/\/www.redenoticia.com.br\/noticia\/wp-json\/wp\/v2\/media?parent=89360"}],"wp:term":[{"taxonomy":"category","embeddable":true,"href":"https:\/\/www.redenoticia.com.br\/noticia\/wp-json\/wp\/v2\/categories?post=89360"},{"taxonomy":"post_tag","embeddable":true,"href":"https:\/\/www.redenoticia.com.br\/noticia\/wp-json\/wp\/v2\/tags?post=89360"}],"curies":[{"name":"wp","href":"https:\/\/api.w.org\/{rel}","templated":true}]}}