{"id":89289,"date":"2016-06-30T10:57:24","date_gmt":"2016-06-30T13:57:24","guid":{"rendered":"http:\/\/www.redenoticia.com.br\/noticia\/?p=89289"},"modified":"2016-06-29T18:58:19","modified_gmt":"2016-06-29T21:58:19","slug":"indice-da-abras-registra-em-maio-queda-de-216-nas-vendas-dos-supermercados","status":"publish","type":"post","link":"https:\/\/www.redenoticia.com.br\/noticia\/2016\/indice-da-abras-registra-em-maio-queda-de-216-nas-vendas-dos-supermercados\/89289","title":{"rendered":"\u00cdndice da Abras registra em maio queda de 2,16% nas vendas dos supermercados"},"content":{"rendered":"<p> As <strong><em>vendas nos supermercados<\/em><\/strong> registraram queda de 2,16% em maio na compara\u00e7\u00e3o com abril, de acordo com \u00edndice da Associa\u00e7\u00e3o Brasileira de Supermercados (Abras). Em rela\u00e7\u00e3o ao mesmo m\u00eas de 2015, houve queda de 2,13%. Os valores foram deflacionadas pelo \u00cdndice Nacional de Pre\u00e7os ao Consumidor Amplo (IPCA).<\/p>\n<p>No acumulado de janeiro a maio, as vendas atingiram queda de 0,23% na compara\u00e7\u00e3o com o mesmo per\u00edodo do ano anterior. Em valores nominais, as vendas do setor ca\u00edram 1,39% em maio em rela\u00e7\u00e3o ao m\u00eas anterior e, quando comparadas a maio de 2015, houve alta de 7%. No acumulado do ano, as vendas cresceram 9,57%.<\/p>\n<p>Sobre a cesta com os principais produtos comprados pelo brasileiro em maio, a Abrasmercado verificou alta de 0,07%, passando R$ 465,28, em abril, para R$ 465,62 em maio. Entre as maiores altas de maio est\u00e3o batata, feij\u00e3o, cebola e farinha de mandioca. J\u00e1 as maiores quedas foram tomate, frango, pernil e \u00f3leo de soja.<\/p>\n<p>Por regi\u00f5es, a maior alta de pre\u00e7os foi observada no Norte (1,62%), com a cesta regional chegando a R$ 512,94. O Nordeste teve a maior queda (2,10%), atingindo o valor de R$ 404,05.<\/p>\n<p>Presidente do Conselho Consultivo da Abras, Sussumu Honda informou que o resultado j\u00e1 era esperado. Segundo ele, a expectativa do consumidor come\u00e7a a melhorar, mas a atividade econ\u00f4mica ainda encontra dificuldades.<\/p>\n<p>Fernanda Cruz &#8211; Rep\u00f3rter da Ag\u00eancia Brasil<br \/>\nEdi\u00e7\u00e3o: Armando Cardoso<br \/>\n30\/06\/2016 <\/p>\n","protected":false},"excerpt":{"rendered":"<p>As vendas nos supermercados registraram queda de 2,16% em maio na compara\u00e7\u00e3o com abril, de acordo com \u00edndice da Associa\u00e7\u00e3o Brasileira de Supermercados (Abras). Em rela\u00e7\u00e3o ao mesmo m\u00eas de 2015, houve queda de 2,13%. Os valores foram deflacionadas pelo \u00cdndice Nacional de Pre\u00e7os ao Consumidor Amplo (IPCA). No acumulado de janeiro a maio, as [&hellip;]<\/p>\n","protected":false},"author":2,"featured_media":57582,"comment_status":"open","ping_status":"closed","sticky":false,"template":"","format":"standard","meta":{"_genesis_hide_title":false,"_genesis_hide_breadcrumbs":false,"_genesis_hide_singular_image":false,"_genesis_hide_footer_widgets":false,"_genesis_custom_body_class":"","_genesis_custom_post_class":"","_genesis_layout":"","_jetpack_memberships_contains_paid_content":false,"footnotes":""},"categories":[22,7],"tags":[],"class_list":{"0":"post-89289","1":"post","2":"type-post","3":"status-publish","4":"format-standard","5":"has-post-thumbnail","7":"category-brasil","8":"category-economia","9":"entry","10":"gs-1","11":"gs-odd","12":"gs-even","13":"gs-featured-content-entry"},"jetpack_featured_media_url":"https:\/\/www.redenoticia.com.br\/noticia\/imagens\/grafico1.jpg","jetpack_sharing_enabled":true,"jetpack_likes_enabled":true,"_links":{"self":[{"href":"https:\/\/www.redenoticia.com.br\/noticia\/wp-json\/wp\/v2\/posts\/89289","targetHints":{"allow":["GET"]}}],"collection":[{"href":"https:\/\/www.redenoticia.com.br\/noticia\/wp-json\/wp\/v2\/posts"}],"about":[{"href":"https:\/\/www.redenoticia.com.br\/noticia\/wp-json\/wp\/v2\/types\/post"}],"author":[{"embeddable":true,"href":"https:\/\/www.redenoticia.com.br\/noticia\/wp-json\/wp\/v2\/users\/2"}],"replies":[{"embeddable":true,"href":"https:\/\/www.redenoticia.com.br\/noticia\/wp-json\/wp\/v2\/comments?post=89289"}],"version-history":[{"count":0,"href":"https:\/\/www.redenoticia.com.br\/noticia\/wp-json\/wp\/v2\/posts\/89289\/revisions"}],"wp:featuredmedia":[{"embeddable":true,"href":"https:\/\/www.redenoticia.com.br\/noticia\/wp-json\/wp\/v2\/media\/57582"}],"wp:attachment":[{"href":"https:\/\/www.redenoticia.com.br\/noticia\/wp-json\/wp\/v2\/media?parent=89289"}],"wp:term":[{"taxonomy":"category","embeddable":true,"href":"https:\/\/www.redenoticia.com.br\/noticia\/wp-json\/wp\/v2\/categories?post=89289"},{"taxonomy":"post_tag","embeddable":true,"href":"https:\/\/www.redenoticia.com.br\/noticia\/wp-json\/wp\/v2\/tags?post=89289"}],"curies":[{"name":"wp","href":"https:\/\/api.w.org\/{rel}","templated":true}]}}