{"id":89285,"date":"2016-06-30T10:55:39","date_gmt":"2016-06-30T13:55:39","guid":{"rendered":"http:\/\/www.redenoticia.com.br\/noticia\/?p=89285"},"modified":"2016-06-29T18:56:31","modified_gmt":"2016-06-29T21:56:31","slug":"desemprego-chega-a-112-no-trimestre-e-atinge-114-milhoes-de-pessoas","status":"publish","type":"post","link":"https:\/\/www.redenoticia.com.br\/noticia\/2016\/desemprego-chega-a-112-no-trimestre-e-atinge-114-milhoes-de-pessoas\/89285","title":{"rendered":"Desemprego chega a 11,2% no trimestre e atinge 11,4 milh\u00f5es de pessoas"},"content":{"rendered":"<p> A <strong><em>taxa de desemprego<\/em><\/strong> no Brasil, medida pela Pesquisa Nacional por Amostra de Domic\u00edlios (Pnad) Cont\u00ednua, ficou em 11,2% no trimestre encerrado em maio deste ano. Ela \u00e9 superior aos 10,2% de fevereiro e aos 8,1% do trimestre encerrado em maio de 2015, segundo o Instituto Brasileiro de Geografia e Estat\u00edstica (IBGE). O resultado \u00e9 o mais alto da s\u00e9rie hist\u00f3rica iniciada em mar\u00e7o de 2012 e o mesmo do trimestre encerrado em abril deste ano<\/p>\n<p>A popula\u00e7\u00e3o desempregada \u00e9 de 11,4 milh\u00f5es de pessoas, 10,3% (ou 1,1 milh\u00e3o de pessoas) a mais do que o trimestre encerrado em fevereiro e 40,3% (ou 3,3 milh\u00f5es de pessoas) a mais do que no trimestre encerrado em maio de 2015.<\/p>\n<p>A popula\u00e7\u00e3o ocupada (90,8 milh\u00f5es de pessoas) manteve-se est\u00e1vel em rela\u00e7\u00e3o a fevereiro de 2016. J\u00e1 em rela\u00e7\u00e3o a maio de 2015, houve um recuo de 1,4%, ou seja, menos 1,2 milh\u00e3o de pessoas. J\u00e1 os empregos com carteira assinada no setor privado apresentaram quedas de 1,2% em rela\u00e7\u00e3o a fevereiro e de 4,2% na compara\u00e7\u00e3o com maio do ano passado.<\/p>\n<p> Analisando-se a popula\u00e7\u00e3o ocupada nos grupamentos de atividades, na compara\u00e7\u00e3o com fevereiro, houve queda nos postos de trabalho na constru\u00e7\u00e3o (-2,9%) e da agricultura, pecu\u00e1ria, produ\u00e7\u00e3o florestal, pesca e aquicultura (-1,7%). Segundo a pesquisa do IBGE, houve crescimento de pessoas ocupadas na administra\u00e7\u00e3o p\u00fablica, defesa, seguridade social, educa\u00e7\u00e3o, sa\u00fade humana e servi\u00e7os sociais (1,8%). Os outros sete se mantiveram est\u00e1veis.<\/p>\n<p>Na compara\u00e7\u00e3o com maio de 2015, houve recuo nos contingentes de trabalhadores da ind\u00fastria geral (-10,7%) e informa\u00e7\u00e3o, comunica\u00e7\u00e3o e atividades financeiras, imobili\u00e1rias, profissionais e administrativas (-8,6%).<\/p>\n<p>Mas o estudo detectou aumento dos postos de trabalho nos servi\u00e7os dom\u00e9sticos (6,5%), transporte, armazenagem e correio (5,5%), com\u00e9rcio, repara\u00e7\u00e3o de ve\u00edculos automotores e motocicletas (5,5%), e administra\u00e7\u00e3o p\u00fablica, defesa, seguridade social, educa\u00e7\u00e3o, sa\u00fade humana e servi\u00e7os sociais (2,5%).<\/p>\n<p>Vitor Abdala \u2013 Rep\u00f3rter da Ag\u00eancia Brasil<br \/>\nEdi\u00e7\u00e3o: Kleber Sampaio<br \/>\n30\/06\/2016<\/p>\n","protected":false},"excerpt":{"rendered":"<p>A taxa de desemprego no Brasil, medida pela Pesquisa Nacional por Amostra de Domic\u00edlios (Pnad) Cont\u00ednua, ficou em 11,2% no trimestre encerrado em maio deste ano. Ela \u00e9 superior aos 10,2% de fevereiro e aos 8,1% do trimestre encerrado em maio de 2015, segundo o Instituto Brasileiro de Geografia e Estat\u00edstica (IBGE). O resultado \u00e9 [&hellip;]<\/p>\n","protected":false},"author":2,"featured_media":57583,"comment_status":"open","ping_status":"closed","sticky":false,"template":"","format":"standard","meta":{"_genesis_hide_title":false,"_genesis_hide_breadcrumbs":false,"_genesis_hide_singular_image":false,"_genesis_hide_footer_widgets":false,"_genesis_custom_body_class":"","_genesis_custom_post_class":"","_genesis_layout":"","_jetpack_memberships_contains_paid_content":false,"footnotes":""},"categories":[22,7],"tags":[],"class_list":{"0":"post-89285","1":"post","2":"type-post","3":"status-publish","4":"format-standard","5":"has-post-thumbnail","7":"category-brasil","8":"category-economia","9":"entry","10":"gs-1","11":"gs-odd","12":"gs-even","13":"gs-featured-content-entry"},"jetpack_featured_media_url":"https:\/\/www.redenoticia.com.br\/noticia\/imagens\/economia-grafico.jpg","jetpack_sharing_enabled":true,"jetpack_likes_enabled":true,"_links":{"self":[{"href":"https:\/\/www.redenoticia.com.br\/noticia\/wp-json\/wp\/v2\/posts\/89285","targetHints":{"allow":["GET"]}}],"collection":[{"href":"https:\/\/www.redenoticia.com.br\/noticia\/wp-json\/wp\/v2\/posts"}],"about":[{"href":"https:\/\/www.redenoticia.com.br\/noticia\/wp-json\/wp\/v2\/types\/post"}],"author":[{"embeddable":true,"href":"https:\/\/www.redenoticia.com.br\/noticia\/wp-json\/wp\/v2\/users\/2"}],"replies":[{"embeddable":true,"href":"https:\/\/www.redenoticia.com.br\/noticia\/wp-json\/wp\/v2\/comments?post=89285"}],"version-history":[{"count":0,"href":"https:\/\/www.redenoticia.com.br\/noticia\/wp-json\/wp\/v2\/posts\/89285\/revisions"}],"wp:featuredmedia":[{"embeddable":true,"href":"https:\/\/www.redenoticia.com.br\/noticia\/wp-json\/wp\/v2\/media\/57583"}],"wp:attachment":[{"href":"https:\/\/www.redenoticia.com.br\/noticia\/wp-json\/wp\/v2\/media?parent=89285"}],"wp:term":[{"taxonomy":"category","embeddable":true,"href":"https:\/\/www.redenoticia.com.br\/noticia\/wp-json\/wp\/v2\/categories?post=89285"},{"taxonomy":"post_tag","embeddable":true,"href":"https:\/\/www.redenoticia.com.br\/noticia\/wp-json\/wp\/v2\/tags?post=89285"}],"curies":[{"name":"wp","href":"https:\/\/api.w.org\/{rel}","templated":true}]}}