{"id":89283,"date":"2016-06-30T10:52:44","date_gmt":"2016-06-30T13:52:44","guid":{"rendered":"http:\/\/www.redenoticia.com.br\/noticia\/?p=89283"},"modified":"2016-06-29T18:55:35","modified_gmt":"2016-06-29T21:55:35","slug":"indice-que-reajusta-contrato-de-aluguel-chega-a-1221-em-12-meses","status":"publish","type":"post","link":"https:\/\/www.redenoticia.com.br\/noticia\/2016\/indice-que-reajusta-contrato-de-aluguel-chega-a-1221-em-12-meses\/89283","title":{"rendered":"\u00cdndice que reajusta contrato de aluguel chega a 12,21% em 12 meses"},"content":{"rendered":"<p> O \u00cdndice Geral de Pre\u00e7os do Mercado (<strong><em>IGP-M<\/em><\/strong>), usado no reajuste de alugueis, variou 1,69% em junho. No mesmo m\u00eas do ano passado, a varia\u00e7\u00e3o foi de 0,67%. Em 12 meses, o IGP-M registrou alta de 12,21%.<\/p>\n<p>O \u00cdndice de Pre\u00e7os ao Produtor Amplo (IPA) apresentou taxa de varia\u00e7\u00e3o de 2,21%. No m\u00eas anterior, a taxa foi de 0,98%. O \u00edndice relativo aos bens finais variou 1,65%, em junho. Em maio, este grupo de produtos teve varia\u00e7\u00e3o de 0,21%.<\/p>\n<p>A varia\u00e7\u00e3o do grupo Bens Intermedi\u00e1rios foi de 1,48%. Em maio, a taxa foi de 0,38%. O principal respons\u00e1vel por este movimento foi o subgrupo materiais e componentes para a manufatura, cuja taxa de varia\u00e7\u00e3o passou de 0,71% para 2,79%.<\/p>\n<p>O grupo Mat\u00e9rias-Primas Brutas variou 3,66% em junho. Em maio, o \u00edndice registrou varia\u00e7\u00e3o de 2,64%. Os itens que mais contribu\u00edram para esse movimento foram soja em gr\u00e3o (12,38% para 14,82%), bovinos (-2,28% para 0,36%) e su\u00ednos (-5,13% para 16,31%). Em sentido oposto, destacam-se min\u00e9rio de ferro (3,98% para -3,56%), algod\u00e3o em caro\u00e7o (3,48% para -6,06%) e milho em gr\u00e3o (7,93% para 5,65%).<\/p>\n<p>O \u00cdndice de Pre\u00e7os ao Consumidor (IPC) registrou varia\u00e7\u00e3o de 0,33% em junho, ante 0,65%, em maio. Cinco das oito classes de despesa componentes do \u00edndice tiveram decr\u00e9scimo em suas taxas de varia\u00e7\u00e3o. A principal contribui\u00e7\u00e3o partiu do grupo Sa\u00fade e Cuidados Pessoais (2,21% para 0,67%).<\/p>\n<p>Nessas classes de despesa, os destaques foram frutas (3,27% para -6,69%), cigarros (5,88% para 2,74%), gasolina (0,04% para -1,18%) e tarifa de telefone m\u00f3vel (0,45% para 0,24%). Em contrapartida, apresentaram acr\u00e9scimo em suas taxas de varia\u00e7\u00e3o os grupos habita\u00e7\u00e3o (0,38% para 0,69%), educa\u00e7\u00e3o, leitura e recrea\u00e7\u00e3o (-0,13% para -0,03%) e vestu\u00e1rio (0,64% para 0,70%).<\/p>\n<p>O \u00cdndice Nacional de Custo da Constru\u00e7\u00e3o registrou varia\u00e7\u00e3o de 1,52% em junho, acima do resultado de maio, de 0,19%. O \u00edndice relativo a materiais, equipamentos e servi\u00e7os teve varia\u00e7\u00e3o de 0,26%. No m\u00eas anterior, a taxa havia sido de 0,04%. O \u00edndice que representa o custo da m\u00e3o de obra registrou taxa de 2,64%. No m\u00eas anterior, esse grupo variou 0,32%.<\/p>\n<p>Fernanda Cruz &#8211; Rep\u00f3rter da Ag\u00eancia Brasil<br \/>\nEdi\u00e7\u00e3o: Gra\u00e7a Adjuto<br \/>\n30\/06\/2016<\/p>\n","protected":false},"excerpt":{"rendered":"<p>O \u00cdndice Geral de Pre\u00e7os do Mercado (IGP-M), usado no reajuste de alugueis, variou 1,69% em junho. No mesmo m\u00eas do ano passado, a varia\u00e7\u00e3o foi de 0,67%. Em 12 meses, o IGP-M registrou alta de 12,21%. O \u00cdndice de Pre\u00e7os ao Produtor Amplo (IPA) apresentou taxa de varia\u00e7\u00e3o de 2,21%. No m\u00eas anterior, a [&hellip;]<\/p>\n","protected":false},"author":2,"featured_media":57585,"comment_status":"open","ping_status":"closed","sticky":false,"template":"","format":"standard","meta":{"_genesis_hide_title":false,"_genesis_hide_breadcrumbs":false,"_genesis_hide_singular_image":false,"_genesis_hide_footer_widgets":false,"_genesis_custom_body_class":"","_genesis_custom_post_class":"","_genesis_layout":"","_jetpack_memberships_contains_paid_content":false,"footnotes":""},"categories":[22,7],"tags":[],"class_list":{"0":"post-89283","1":"post","2":"type-post","3":"status-publish","4":"format-standard","5":"has-post-thumbnail","7":"category-brasil","8":"category-economia","9":"entry","10":"gs-1","11":"gs-odd","12":"gs-even","13":"gs-featured-content-entry"},"jetpack_featured_media_url":"https:\/\/www.redenoticia.com.br\/noticia\/imagens\/analise-economia.jpg","jetpack_sharing_enabled":true,"jetpack_likes_enabled":true,"_links":{"self":[{"href":"https:\/\/www.redenoticia.com.br\/noticia\/wp-json\/wp\/v2\/posts\/89283","targetHints":{"allow":["GET"]}}],"collection":[{"href":"https:\/\/www.redenoticia.com.br\/noticia\/wp-json\/wp\/v2\/posts"}],"about":[{"href":"https:\/\/www.redenoticia.com.br\/noticia\/wp-json\/wp\/v2\/types\/post"}],"author":[{"embeddable":true,"href":"https:\/\/www.redenoticia.com.br\/noticia\/wp-json\/wp\/v2\/users\/2"}],"replies":[{"embeddable":true,"href":"https:\/\/www.redenoticia.com.br\/noticia\/wp-json\/wp\/v2\/comments?post=89283"}],"version-history":[{"count":0,"href":"https:\/\/www.redenoticia.com.br\/noticia\/wp-json\/wp\/v2\/posts\/89283\/revisions"}],"wp:featuredmedia":[{"embeddable":true,"href":"https:\/\/www.redenoticia.com.br\/noticia\/wp-json\/wp\/v2\/media\/57585"}],"wp:attachment":[{"href":"https:\/\/www.redenoticia.com.br\/noticia\/wp-json\/wp\/v2\/media?parent=89283"}],"wp:term":[{"taxonomy":"category","embeddable":true,"href":"https:\/\/www.redenoticia.com.br\/noticia\/wp-json\/wp\/v2\/categories?post=89283"},{"taxonomy":"post_tag","embeddable":true,"href":"https:\/\/www.redenoticia.com.br\/noticia\/wp-json\/wp\/v2\/tags?post=89283"}],"curies":[{"name":"wp","href":"https:\/\/api.w.org\/{rel}","templated":true}]}}