{"id":89211,"date":"2016-06-29T10:13:03","date_gmt":"2016-06-29T13:13:03","guid":{"rendered":"http:\/\/www.redenoticia.com.br\/noticia\/?p=89211"},"modified":"2016-06-28T21:14:50","modified_gmt":"2016-06-29T00:14:50","slug":"pispasep-prazo-para-retirar-o-beneficio-acaba-na-quinta-feira-30","status":"publish","type":"post","link":"https:\/\/www.redenoticia.com.br\/noticia\/2016\/pispasep-prazo-para-retirar-o-beneficio-acaba-na-quinta-feira-30\/89211","title":{"rendered":"PIS\/Pasep: prazo para retirar o benef\u00edcio acaba na quinta-feira (30)"},"content":{"rendered":"<p> <strong><em>PIS\/Pasep<\/em><\/strong>: cerca de 1,4 milh\u00e3o de trabalhadores ainda n\u00e3o sacaram o abono salarial do Programa de Integra\u00e7\u00e3o Social (PIS) e do Programa de Forma\u00e7\u00e3o do Patrim\u00f4nio do Servidor P\u00fablico (Pasep) referente ao ano-base 2014, divulgou o Minist\u00e9rio do Trabalho. O prazo para retirar o benef\u00edcio acaba na quinta-feira (30).<\/p>\n<p>De acordo com o balan\u00e7o mais recente do Minist\u00e9rio do Trabalho, at\u00e9 o \u00faltimo dia 24, 94,14% dos 23,6 milh\u00f5es de trabalhadores que t\u00eam direito ao abono salarial sacaram o dinheiro. O benef\u00edcio, equivalente a um sal\u00e1rio-m\u00ednimo (R$ 880), \u00e9 pago a empregados que tenham trabalhado com carteira assinada por pelo menos 30 dias em 2014 e tenham recebido at\u00e9 dois sal\u00e1rios-m\u00ednimos por m\u00eas nesse per\u00edodo.<\/p>\n<p>O trabalhador tamb\u00e9m precisa estar cadastrado no PIS\/Pasep h\u00e1 pelo menos cinco anos e ter tido os dados informados corretamente pelo empregador na Rela\u00e7\u00e3o Anual de Informa\u00e7\u00f5es Sociais (Rais). At\u00e9 agora, foram sacados R$ 18,3 bilh\u00f5es. Os recursos n\u00e3o sacados retornam ao Fundo de Amparo ao Trabalhador (FAT).<\/p>\n<p>O abono salarial \u00e9 um dos benef\u00edcios pagos pelo FAT, que tamb\u00e9m custeia o seguro-desemprego, os cursos de qualifica\u00e7\u00e3o profissional feitos em parceria com os governos estaduais e a participa\u00e7\u00e3o na receita dos \u00f3rg\u00e3os e entidades para os trabalhadores p\u00fablicos e privados.<\/p>\n<p>Destinado a trabalhadores da iniciativa privada, o PIS \u00e9 pago na Caixa Econ\u00f4mica Federal. Quem possuir o Cart\u00e3o Cidad\u00e3o pode sacar o benef\u00edcio em casas lot\u00e9ricas ou em terminais de autoatendimento da Caixa. Quem n\u00e3o tiver o cart\u00e3o, pode receber o dinheiro em qualquer ag\u00eancia do banco, desde que leve documento de identifica\u00e7\u00e3o. Empregados dom\u00e9sticos n\u00e3o t\u00eam direito ao benef\u00edcio, porque o PIS \u00e9 recolhido somente por empresas privadas.<\/p>\n<p>Destinado a servidores p\u00fablicos, o Pasep \u00e9 pago pelo Banco do Brasil. O dinheiro costuma ser depositado diretamente na conta. Caso o cr\u00e9dito n\u00e3o tenha sido feito, o trabalhador pode ir a qualquer ag\u00eancia da institui\u00e7\u00e3o financeira e apresentar um documento de identifica\u00e7\u00e3o.<\/p>\n<p>Em caso de d\u00favidas, os benefici\u00e1rios do PIS podem ligar para a Central de Atendimento da Caixa Econ\u00f4mica, no telefone 0800-726-0207. Quem tem direito ao Pasep pode obter informa\u00e7\u00f5es no telefone 0800-729-0001, do Banco do Brasil.<\/p>\n<p>Da Ag\u00eancia Brasil<br \/>\nEdi\u00e7\u00e3o: F\u00e1bio Massalli<br \/>\n29\/06\/2016<\/p>\n","protected":false},"excerpt":{"rendered":"<p>PIS\/Pasep: cerca de 1,4 milh\u00e3o de trabalhadores ainda n\u00e3o sacaram o abono salarial do Programa de Integra\u00e7\u00e3o Social (PIS) e do Programa de Forma\u00e7\u00e3o do Patrim\u00f4nio do Servidor P\u00fablico (Pasep) referente ao ano-base 2014, divulgou o Minist\u00e9rio do Trabalho. O prazo para retirar o benef\u00edcio acaba na quinta-feira (30). De acordo com o balan\u00e7o mais [&hellip;]<\/p>\n","protected":false},"author":2,"featured_media":40734,"comment_status":"open","ping_status":"closed","sticky":false,"template":"","format":"standard","meta":{"_genesis_hide_title":false,"_genesis_hide_breadcrumbs":false,"_genesis_hide_singular_image":false,"_genesis_hide_footer_widgets":false,"_genesis_custom_body_class":"","_genesis_custom_post_class":"","_genesis_layout":"","_jetpack_memberships_contains_paid_content":false,"footnotes":""},"categories":[22,7],"tags":[],"class_list":{"0":"post-89211","1":"post","2":"type-post","3":"status-publish","4":"format-standard","5":"has-post-thumbnail","7":"category-brasil","8":"category-economia","9":"entry","10":"gs-1","11":"gs-odd","12":"gs-even","13":"gs-featured-content-entry"},"jetpack_featured_media_url":"https:\/\/www.redenoticia.com.br\/noticia\/imagens\/economia-resultados.jpg","jetpack_sharing_enabled":true,"jetpack_likes_enabled":true,"_links":{"self":[{"href":"https:\/\/www.redenoticia.com.br\/noticia\/wp-json\/wp\/v2\/posts\/89211","targetHints":{"allow":["GET"]}}],"collection":[{"href":"https:\/\/www.redenoticia.com.br\/noticia\/wp-json\/wp\/v2\/posts"}],"about":[{"href":"https:\/\/www.redenoticia.com.br\/noticia\/wp-json\/wp\/v2\/types\/post"}],"author":[{"embeddable":true,"href":"https:\/\/www.redenoticia.com.br\/noticia\/wp-json\/wp\/v2\/users\/2"}],"replies":[{"embeddable":true,"href":"https:\/\/www.redenoticia.com.br\/noticia\/wp-json\/wp\/v2\/comments?post=89211"}],"version-history":[{"count":0,"href":"https:\/\/www.redenoticia.com.br\/noticia\/wp-json\/wp\/v2\/posts\/89211\/revisions"}],"wp:featuredmedia":[{"embeddable":true,"href":"https:\/\/www.redenoticia.com.br\/noticia\/wp-json\/wp\/v2\/media\/40734"}],"wp:attachment":[{"href":"https:\/\/www.redenoticia.com.br\/noticia\/wp-json\/wp\/v2\/media?parent=89211"}],"wp:term":[{"taxonomy":"category","embeddable":true,"href":"https:\/\/www.redenoticia.com.br\/noticia\/wp-json\/wp\/v2\/categories?post=89211"},{"taxonomy":"post_tag","embeddable":true,"href":"https:\/\/www.redenoticia.com.br\/noticia\/wp-json\/wp\/v2\/tags?post=89211"}],"curies":[{"name":"wp","href":"https:\/\/api.w.org\/{rel}","templated":true}]}}