{"id":89209,"date":"2016-06-29T10:11:58","date_gmt":"2016-06-29T13:11:58","guid":{"rendered":"http:\/\/www.redenoticia.com.br\/noticia\/?p=89209"},"modified":"2016-06-28T21:12:59","modified_gmt":"2016-06-29T00:12:59","slug":"bc-reduz-projecao-de-crescimento-do-credito-de-5-para-1-este-ano","status":"publish","type":"post","link":"https:\/\/www.redenoticia.com.br\/noticia\/2016\/bc-reduz-projecao-de-crescimento-do-credito-de-5-para-1-este-ano\/89209","title":{"rendered":"BC reduz proje\u00e7\u00e3o de crescimento do cr\u00e9dito de 5% para 1% este ano"},"content":{"rendered":"<p> Com queda da atividade econ\u00f4mica e taxas de juros mais altas, o <strong><em>cr\u00e9dito<\/em><\/strong> no pa\u00eds deve crescer apenas 1%, este ano, de acordo com proje\u00e7\u00e3o do Banco Central (BC). A estimativa anterior da institui\u00e7\u00e3o, divulgada em mar\u00e7o, era de crescimento do saldo das opera\u00e7\u00f5es de cr\u00e9dito concedido pelos bancos de 5%.<\/p>\n<p>Essa taxa de crescimento do saldo total de cr\u00e9dito s\u00f3 ser\u00e1 poss\u00edvel devido \u00e0 expectativa de expans\u00e3o do cr\u00e9dito direcionado (empr\u00e9stimos com regras definidas pelo governo, destinados, basicamente, aos setores habitacional, rural e de infraestrutura), que, na previs\u00e3o do BC, deve apresentar expans\u00e3o de 3% este ano. A proje\u00e7\u00e3o anterior era 7%. No cr\u00e9dito direcionado est\u00e3o financiamentos como o da casa pr\u00f3pria, cr\u00e9dito rural, microcr\u00e9dito e empr\u00e9stimos com recursos do Banco Nacional do Desenvolvimento Econ\u00f4mico e Social (BNDES).<\/p>\n<p>No caso do cr\u00e9dito livre, em que os bancos t\u00eam autonomia para emprestar o dinheiro e definir as taxas de juros, a expectativa agora \u00e9 de queda do saldo, este ano, em 1%. A estimativa anterior era crescimento de 2%. No cr\u00e9dito livre, est\u00e3o empr\u00e9stimos como os de cart\u00e3o de cr\u00e9dito para a compra de ve\u00edculos, cr\u00e9dito consignado (com presta\u00e7\u00f5es descontadas em folha de pagamento) e cheque especial. No caso das empresas, est\u00e3o inclu\u00eddos no cr\u00e9dito livre capital de giro, desconto de cheques e antecipa\u00e7\u00e3o de faturas de cart\u00e3o, por exemplo.<\/p>\n<p>Em maio deste ano, o saldo de todas as opera\u00e7\u00f5es de cr\u00e9dito chegou a R$ 3,144 trilh\u00f5es. Desse total, R$ 1,579 trilh\u00e3o era de cr\u00e9dito livre e R$ 1,565 trilh\u00e3o de empr\u00e9stimos direcionados.<\/p>\n<p>Segundo o chefe do Departamento Econ\u00f4mico do BC, Tulio Maciel, a proje\u00e7\u00e3o foi revista depois da queda in\u00e9dita no saldo do cr\u00e9dito nos primeiros quatro meses deste ano. Em maio, houve uma interrup\u00e7\u00e3o desse encolhimento do saldo de cr\u00e9dito no pa\u00eds, mas a expans\u00e3o ficou em apenas 0,1% em rela\u00e7\u00e3o a abril. De acordo com Maciel, esse pequeno aumento teve influ\u00eancia das vendas para o Dia das M\u00e3es, em maio.<\/p>\n<p>Maciel destacou que a queda na atividade econ\u00f4mica, em um ambiente de incertezas no in\u00edcio deste ano, afetou o mercado de cr\u00e9dito. Sem confian\u00e7a, os bancos evitam emprestar e os clientes n\u00e3o procuram empr\u00e9stimos devido \u00e0 incerteza se ter\u00e1 renda para pagar o financiamento no futuro. \u201cIndicadores de confian\u00e7a vem mostrando alguma recupera\u00e7\u00e3o, mas o movimento ainda \u00e9 muito incipiente para que vejamos alguma rea\u00e7\u00e3o no mercado de cr\u00e9dito\u201d, disse.<\/p>\n<p>Brexit<\/p>\n<p>De acordo com Maciel, as novas proje\u00e7\u00f5es do Banco Central levaram em considera\u00e7\u00e3o todas as informa\u00e7\u00f5es dispon\u00edveis at\u00e9 a \u00faltima sexta-feira (24), incluindo a decis\u00e3o dos brit\u00e2nicos de deixar a Uni\u00e3o Europeia. O chamado Brexit \u2013 uni\u00e3o das palavras Britain (Gr\u00e3-Bretanha) e exit (sa\u00edda, em ingl\u00eas) tem levado a oscila\u00e7\u00f5es no mercado financeiro, com queda das a\u00e7\u00f5es de bancos.<\/p>\n<p>Maciel destacou que a fonte de recursos dos bancos no Brasil para ofertar cr\u00e9dito \u00e9 \u201cem grande parte\u201d dom\u00e9stica. Por isso, n\u00e3o h\u00e1 influ\u00eancia do Brexit no mercado de cr\u00e9dito no pa\u00eds. \u201cO mercado financeiro se encontra com fundamentos s\u00f3lidos em termos de indicadores de liquidez, de capital, de provisionamento. Isso contribui muito para enfrentar movimentos de incertezas\u201d, disse.<\/p>\n<p>Bancos<\/p>\n<p>A proje\u00e7\u00e3o do BC para o crescimento do saldo do cr\u00e9dito ofertado por bancos p\u00fablicos este ano foi cortada pela metade, para 4%. No caso dos bancos privados nacionais, a estimativa de queda no saldo passou de 1% para 4%. J\u00e1 a proje\u00e7\u00e3o para a expans\u00e3o do saldo do cr\u00e9dito de bancos privados estrangeiros foi reduzida de 4% para 1%.<\/p>\n<p>Em rela\u00e7\u00e3o a tudo o que o pa\u00eds produz \u2013 Produto Interno Bruto (PIB), o saldo de todas as opera\u00e7\u00f5es de cr\u00e9dito deve representar 52%. A proje\u00e7\u00e3o anterior do BC, divulgada em mar\u00e7o, era 54%. Em 2015, o saldo em rela\u00e7\u00e3o ao PIB ficou em 54,5%.<\/p>\n<p>Empresas<\/p>\n<p>Maciel destacou que o cr\u00e9dito \u00e0s empresas est\u00e1 \u201cfr\u00e1gil\u201d. Em maio, o saldo do cr\u00e9dito com recursos livres para as empresas recuou 0,1%. \u201cDesde 2009, auge da crise [financeira internacional], a gente n\u00e3o tinha um recuo mensal de cr\u00e9dito livre \u00e0s empresas em maio. Isso ilustra a fragilidade em que se encontra o mercado de cr\u00e9dito \u00e0s empresas, puxando principalmente pelo capital de giro, uma modalidade muito vinculada \u00e0 atividade econ\u00f4mica\u201d, disse. Ele afirmou ainda que o capital de giro representa quase 50% dos empr\u00e9stimos \u00e0s firmas. Em 12 meses, o saldo dessa modalidade de cr\u00e9dito caiu 8,9% e no m\u00eas o recuo ficou em 1,5%. \u201c\u00c9 o quinto recuo mensal no capital de giro\u201d, disse.<\/p>\n<p>Taxas de juros<\/p>\n<p>Para Maciel, os juros est\u00e3o subindo de acordo com a trajet\u00f3ria de aumento consistente e lento da inadimpl\u00eancia e com o ambiente de incertezas no pa\u00eds. Ele destacou que as taxas de juros est\u00e3o subindo \u201cpuxadas\u201d pelas modalidades de maior risco de inadimpl\u00eancia, como rotativo do cart\u00e3o de cr\u00e9dito e cheque especial.<\/p>\n<p>Kelly Oliveira \u2013 Rep\u00f3rter da Ag\u00eancia Brasil<br \/>\nEdi\u00e7\u00e3o: Maria Claudia<br \/>\n29\/06\/2016<\/p>\n","protected":false},"excerpt":{"rendered":"<p>Com queda da atividade econ\u00f4mica e taxas de juros mais altas, o cr\u00e9dito no pa\u00eds deve crescer apenas 1%, este ano, de acordo com proje\u00e7\u00e3o do Banco Central (BC). A estimativa anterior da institui\u00e7\u00e3o, divulgada em mar\u00e7o, era de crescimento do saldo das opera\u00e7\u00f5es de cr\u00e9dito concedido pelos bancos de 5%. Essa taxa de crescimento [&hellip;]<\/p>\n","protected":false},"author":2,"featured_media":57584,"comment_status":"open","ping_status":"closed","sticky":false,"template":"","format":"standard","meta":{"_genesis_hide_title":false,"_genesis_hide_breadcrumbs":false,"_genesis_hide_singular_image":false,"_genesis_hide_footer_widgets":false,"_genesis_custom_body_class":"","_genesis_custom_post_class":"","_genesis_layout":"","_jetpack_memberships_contains_paid_content":false,"footnotes":""},"categories":[22,7],"tags":[],"class_list":{"0":"post-89209","1":"post","2":"type-post","3":"status-publish","4":"format-standard","5":"has-post-thumbnail","7":"category-brasil","8":"category-economia","9":"entry","10":"gs-1","11":"gs-odd","12":"gs-even","13":"gs-featured-content-entry"},"jetpack_featured_media_url":"https:\/\/www.redenoticia.com.br\/noticia\/imagens\/economia-grafica-analise-inflacao.jpg","jetpack_sharing_enabled":true,"jetpack_likes_enabled":true,"_links":{"self":[{"href":"https:\/\/www.redenoticia.com.br\/noticia\/wp-json\/wp\/v2\/posts\/89209","targetHints":{"allow":["GET"]}}],"collection":[{"href":"https:\/\/www.redenoticia.com.br\/noticia\/wp-json\/wp\/v2\/posts"}],"about":[{"href":"https:\/\/www.redenoticia.com.br\/noticia\/wp-json\/wp\/v2\/types\/post"}],"author":[{"embeddable":true,"href":"https:\/\/www.redenoticia.com.br\/noticia\/wp-json\/wp\/v2\/users\/2"}],"replies":[{"embeddable":true,"href":"https:\/\/www.redenoticia.com.br\/noticia\/wp-json\/wp\/v2\/comments?post=89209"}],"version-history":[{"count":0,"href":"https:\/\/www.redenoticia.com.br\/noticia\/wp-json\/wp\/v2\/posts\/89209\/revisions"}],"wp:featuredmedia":[{"embeddable":true,"href":"https:\/\/www.redenoticia.com.br\/noticia\/wp-json\/wp\/v2\/media\/57584"}],"wp:attachment":[{"href":"https:\/\/www.redenoticia.com.br\/noticia\/wp-json\/wp\/v2\/media?parent=89209"}],"wp:term":[{"taxonomy":"category","embeddable":true,"href":"https:\/\/www.redenoticia.com.br\/noticia\/wp-json\/wp\/v2\/categories?post=89209"},{"taxonomy":"post_tag","embeddable":true,"href":"https:\/\/www.redenoticia.com.br\/noticia\/wp-json\/wp\/v2\/tags?post=89209"}],"curies":[{"name":"wp","href":"https:\/\/api.w.org\/{rel}","templated":true}]}}